{"id":890,"date":"2021-10-18T11:15:31","date_gmt":"2021-10-18T09:15:31","guid":{"rendered":"https:\/\/histoire-six-fours.fr\/?p=890"},"modified":"2021-11-16T08:25:40","modified_gmt":"2021-11-16T07:25:40","slug":"nos-activites-cet-automne-2021","status":"publish","type":"post","link":"https:\/\/histoire-six-fours.fr\/index.php\/2021\/10\/18\/nos-activites-cet-automne-2021\/","title":{"rendered":"Nos activit\u00e9s cet automne 2021"},"content":{"rendered":"\n<figure class=\"wp-block-image size-full\"><img loading=\"lazy\" decoding=\"async\" width=\"1000\" height=\"601\" src=\"https:\/\/histoire-six-fours.fr\/wp-content\/uploads\/2021\/10\/2021-expo_0031.jpg\" alt=\"\" class=\"wp-image-891\" srcset=\"https:\/\/histoire-six-fours.fr\/wp-content\/uploads\/2021\/10\/2021-expo_0031.jpg 1000w, https:\/\/histoire-six-fours.fr\/wp-content\/uploads\/2021\/10\/2021-expo_0031-300x180.jpg 300w, https:\/\/histoire-six-fours.fr\/wp-content\/uploads\/2021\/10\/2021-expo_0031-768x462.jpg 768w\" sizes=\"auto, (max-width: 1000px) 100vw, 1000px\" \/><figcaption>Notre exposition \u00e0 l&rsquo;occasion des journ\u00e9es du patrimoine a accueilli un nombreux public.<\/figcaption><\/figure>\n\n\n\n<p>A l&rsquo;occasion des journ\u00e9es du patrimoine , une exposition et des visites de lieux patrimoniaux:<\/p>\n\n\n\n<p class=\"has-medium-font-size\">Le th\u00e8me choisi cette ann\u00e9e\u00a0pour notre exposition:\u00a0<br>\u00a0\u00ab\u00a0Six-Fours de la fin du XVIIIe au XXe si\u00e8cle, d\u00e9clin et renouveau\u00a0: Population, \u00e9conomie, occupation des sols.\u00a0\u00bb<\/p>\n\n\n\n<p>L&rsquo;exposition a eu lieu dans l\u2019espace Jules de Greling, au Brusc, la semaine qui a suivi les journ\u00e9es du Patrimoine. 27 nouveaux panneaux ont \u00e9t\u00e9 r\u00e9alis\u00e9s \u00e0 cette occasion. L\u2019exposition a accueilli environ 200 personnes.<br><br><strong>Trois s\u00e9ries de visites ont aussi \u00e9t\u00e9 organis\u00e9es par l&rsquo;association, \u00e0 la demande de la Mairie le<\/strong> s<strong>amedi 18 et le dimanche 19 septembre :<\/strong><br>Visite de la Coll\u00e9giale Saint- Pierre-\u00e8s-Liens : par Antoine PERETTI qui a re\u00e7u environ 500 personnes pendant le week-end, visite de la Chapelle de P\u00e9piole  par G\u00e9rard VALENTIN les samedi et dimanche . Visite du site de l\u2019usine de tuiles \u00e0 la Coudouri\u00e8re le samedi, par Claude MAJASTRE.<br>Ces visites et l\u2019exposition au Brusc ont permis de nouveaux contacts et de nouvelles adh\u00e9sions<\/p>\n\n\n\n<h2 class=\"wp-block-heading\">Quelles activit\u00e9s pour la suite ?<\/h2>\n\n\n\n<p>La commune nous a accord\u00e9 l\u2019utilisation d\u2019une salle de r\u00e9union (Espace Malraux \u00e0 Reynier) deux jeudis soir, le 1\u00b0 et le 3\u00b0 de chaque mois, de 18h \u00e0 20h 30. Ainsi que la possibilit\u00e9 d\u2019y d\u00e9poser une armoire qui contiendra toute la documentation et les archives de notre association, que vous pourrez venir consulter. Nous reprenons donc nos r\u00e9unions en pr\u00e9sentiel (en appliquant les consignes sanitaires)<\/p>\n\n\n\n<p><strong>Nous  pr\u00e9voyons donc les activit\u00e9s suivantes:<\/strong><br><strong>Des \u00ab ateliers \u00bb :<\/strong><br>Nous vous y proposerons une participation effective sur les th\u00e8mes de recherches suivants : sources d\u2019archives (locales et internet), recherches g\u00e9n\u00e9alogiques, sur la vie politique locale aux XIX\u00e8me et XX\u00e8me si\u00e8cles \u00e0 Six-Fours, les t\u00e9moignages sur la guerre d\u2019Alg\u00e9rie, l\u2019histoire de nos quartiers, la R\u00e9volution fran\u00e7aise \u00e0 Six-Fours et d\u2019autres sujets que vous pourrez proposer.<br><br><strong>Des \u00ab conf\u00e9rences \u00bb:<\/strong><br>De petites conf\u00e9rences portant sur les derni\u00e8res recherches en cours : immigration italienne, \u00e9pid\u00e9mies \u00e0 Six-Fours du XVIIe au XIXe si\u00e8cle par exemple, pourront aussi \u00eatre propos\u00e9es dans ce local lors de ces r\u00e9unions.<br><br><strong>Nous pr\u00e9voyons aussi d\u2019organiser des visites et sorties<\/strong> portant sur les vieux quartiers, les hameaux, et diff\u00e9rents lieux de patrimoine de Six Fours et de sa r\u00e9gion.<br><br><\/p>\n\n\n\n<p><strong>Prochaine r\u00e9union : Jeudi 21 octobre, 18h, salle Malraux.<\/strong><br><em>(Attention au respect des conditions sanitaires: Passe sanitaire et masque dans les locaux municipaux.)<\/em><\/p>\n\n\n\n<p>&nbsp;Au programme :<\/p>\n\n\n\n<p>Quelles activit\u00e9s cette ann\u00e9e ? Pr\u00e9sentation, suggestions et avis..<\/p>\n\n\n\n<p>Atelier-conf\u00e9rence : <br>Comment lire un tableau religieux du XVe au XVIIe si\u00e8cle, par Antoine PERETTI.<\/p>\n    <div class=\"masteqr-postwarpper\" id=\"masteqr-wrap69f233ce2829b\"><div style=\"text-align:center\" id=\"masteqr-post69f233ce2829b\" class=\"masteqr-post\"  data-size=\"100\" data-content=\"https:\/\/histoire-six-fours.fr\/wp-json\/wp\/v2\/posts\/890\"><\/div><div class =\"mqrbtnalign\" style=\"    display: flex;justify-content:center\"><div style=\"width:100px;display:flex;align-items: center;justify-content: center;font-size: small\">\n                <\/div><\/div><\/div>","protected":false},"excerpt":{"rendered":"<p>A l&rsquo;occasion des journ\u00e9es du patrimoine , une exposition et des visites de lieux patrimoniaux: Le th\u00e8me choisi cette ann\u00e9e\u00a0pour notre exposition:\u00a0\u00a0\u00ab\u00a0Six-Fours de la fin du XVIIIe au XXe si\u00e8cle, d\u00e9clin et renouveau\u00a0: Population, \u00e9conomie, occupation des sols.\u00a0\u00bb L&rsquo;exposition a eu lieu dans l\u2019espace Jules de Greling, au Brusc, la semaine qui a suivi les journ\u00e9es du Patrimoine. 27 nouveaux panneaux ont \u00e9t\u00e9 r\u00e9alis\u00e9s \u00e0 cette occasion. L\u2019exposition a accueilli environ 200 personnes. Trois s\u00e9ries de visites ont aussi \u00e9t\u00e9 organis\u00e9es par l&rsquo;association, \u00e0 la demande de la Mairie le samedi 18 et le dimanche 19 septembre :Visite de la Coll\u00e9giale Saint- Pierre-\u00e8s-Liens : par Antoine PERETTI qui a re\u00e7u environ 500 personnes pendant le week-end, visite de la Chapelle de P\u00e9piole par G\u00e9rard VALENTIN les samedi et dimanche . Visite du site de l\u2019usine de tuiles \u00e0 la Coudouri\u00e8re le samedi, par Claude MAJASTRE.Ces visites et l\u2019exposition au Brusc ont permis de nouveaux contacts et de nouvelles adh\u00e9sions Quelles activit\u00e9s pour la suite ? La commune nous a accord\u00e9 l\u2019utilisation d\u2019une salle de r\u00e9union (Espace Malraux \u00e0 Reynier) deux jeudis soir, le 1\u00b0 et le 3\u00b0 de chaque mois, de 18h \u00e0 20h 30. Ainsi que la possibilit\u00e9 d\u2019y d\u00e9poser une armoire qui contiendra toute la documentation et les archives de notre association, que vous pourrez venir consulter. Nous reprenons donc nos r\u00e9unions en pr\u00e9sentiel (en appliquant les consignes sanitaires) Nous pr\u00e9voyons donc les activit\u00e9s suivantes:Des \u00ab ateliers \u00bb :Nous vous y proposerons une participation effective sur les th\u00e8mes de recherches suivants : sources d\u2019archives (locales et internet), recherches g\u00e9n\u00e9alogiques, sur la vie politique locale aux XIX\u00e8me et XX\u00e8me si\u00e8cles \u00e0 Six-Fours, les t\u00e9moignages sur la guerre d\u2019Alg\u00e9rie, l\u2019histoire de nos quartiers, la R\u00e9volution fran\u00e7aise \u00e0 Six-Fours et d\u2019autres sujets que vous pourrez proposer. Des \u00ab conf\u00e9rences \u00bb:De petites conf\u00e9rences portant sur les derni\u00e8res recherches en cours : immigration italienne, \u00e9pid\u00e9mies \u00e0 Six-Fours du XVIIe au XIXe si\u00e8cle par exemple, pourront aussi \u00eatre propos\u00e9es dans ce local lors de ces r\u00e9unions. Nous pr\u00e9voyons aussi d\u2019organiser des visites et sorties portant sur les vieux quartiers, les hameaux, et diff\u00e9rents lieux de patrimoine de Six Fours et de sa r\u00e9gion. Prochaine r\u00e9union : Jeudi 21 octobre, 18h, salle Malraux.(Attention au respect des conditions sanitaires: Passe sanitaire et masque dans les locaux municipaux.) &nbsp;Au programme : Quelles activit\u00e9s cette ann\u00e9e ? Pr\u00e9sentation, suggestions et avis.. Atelier-conf\u00e9rence : Comment lire un tableau religieux du XVe au XVIIe si\u00e8cle, par Antoine PERETTI.<\/p>\n","protected":false},"author":7,"featured_media":0,"comment_status":"closed","ping_status":"closed","sticky":false,"template":"","format":"standard","meta":{"footnotes":""},"categories":[22],"tags":[17],"class_list":["post-890","post","type-post","status-publish","format-standard","hentry","category-lassociation","tag-conference"],"_links":{"self":[{"href":"https:\/\/histoire-six-fours.fr\/index.php\/wp-json\/wp\/v2\/posts\/890","targetHints":{"allow":["GET"]}}],"collection":[{"href":"https:\/\/histoire-six-fours.fr\/index.php\/wp-json\/wp\/v2\/posts"}],"about":[{"href":"https:\/\/histoire-six-fours.fr\/index.php\/wp-json\/wp\/v2\/types\/post"}],"author":[{"embeddable":true,"href":"https:\/\/histoire-six-fours.fr\/index.php\/wp-json\/wp\/v2\/users\/7"}],"replies":[{"embeddable":true,"href":"https:\/\/histoire-six-fours.fr\/index.php\/wp-json\/wp\/v2\/comments?post=890"}],"version-history":[{"count":3,"href":"https:\/\/histoire-six-fours.fr\/index.php\/wp-json\/wp\/v2\/posts\/890\/revisions"}],"predecessor-version":[{"id":936,"href":"https:\/\/histoire-six-fours.fr\/index.php\/wp-json\/wp\/v2\/posts\/890\/revisions\/936"}],"wp:attachment":[{"href":"https:\/\/histoire-six-fours.fr\/index.php\/wp-json\/wp\/v2\/media?parent=890"}],"wp:term":[{"taxonomy":"category","embeddable":true,"href":"https:\/\/histoire-six-fours.fr\/index.php\/wp-json\/wp\/v2\/categories?post=890"},{"taxonomy":"post_tag","embeddable":true,"href":"https:\/\/histoire-six-fours.fr\/index.php\/wp-json\/wp\/v2\/tags?post=890"}],"curies":[{"name":"wp","href":"https:\/\/api.w.org\/{rel}","templated":true}]}}