{"id":879,"date":"2021-09-19T15:15:16","date_gmt":"2021-09-19T13:15:16","guid":{"rendered":"https:\/\/histoire-six-fours.fr\/?p=879"},"modified":"2021-11-16T08:23:44","modified_gmt":"2021-11-16T07:23:44","slug":"exposition-des-amis-du-patrimoine-22-26-septembre-2021","status":"publish","type":"post","link":"https:\/\/histoire-six-fours.fr\/index.php\/2021\/09\/19\/exposition-des-amis-du-patrimoine-22-26-septembre-2021\/","title":{"rendered":"Exposition des Amis du Patrimoine 22-26 septembre 2021"},"content":{"rendered":"\n<h2 class=\"wp-block-heading\">Dans le cadre des journ\u00e9es du Patrimoine notre association a propos\u00e9 une exposition de vingt-six panneaux &#8230;<\/h2>\n\n\n\n<div class=\"wp-block-image\"><figure class=\"aligncenter size-full\"><img loading=\"lazy\" decoding=\"async\" width=\"640\" height=\"801\" src=\"https:\/\/histoire-six-fours.fr\/wp-content\/uploads\/2021\/09\/affiche-corrigee-expo-2021.jpg\" alt=\"\" class=\"wp-image-880\" srcset=\"https:\/\/histoire-six-fours.fr\/wp-content\/uploads\/2021\/09\/affiche-corrigee-expo-2021.jpg 640w, https:\/\/histoire-six-fours.fr\/wp-content\/uploads\/2021\/09\/affiche-corrigee-expo-2021-240x300.jpg 240w\" sizes=\"auto, (max-width: 640px) 100vw, 640px\" \/><\/figure><\/div>\n\n\n\n<p class=\"has-medium-font-size\">Vingt-six panneaux qui retrace l&rsquo;histoire sociale et \u00e9conomique de Six-Fours durant les trois derniers si\u00e8cles&#8230; du d\u00e9veloppement de Reynier qui devient l&rsquo;actuel centre ville \u00e0 l&rsquo;am\u00e9nagement touristique du littoral.<\/p>\n\n\n\n<p class=\"has-medium-font-size\">Plusieurs panneaux retracent aussi le paysage agricole et l&rsquo;habitat du XIX\u00b0 si\u00e8cle tel que l&rsquo;on peut les reconstituer \u00e0 partir du cadastre napol\u00e9onien (1820) et de diverses sources.<\/p>\n\n\n\n<figure class=\"wp-block-image size-full\"><img loading=\"lazy\" decoding=\"async\" width=\"1000\" height=\"574\" src=\"https:\/\/histoire-six-fours.fr\/wp-content\/uploads\/2021\/10\/2021-expo-a-du-pl_0019.jpg\" alt=\"\" class=\"wp-image-893\" srcset=\"https:\/\/histoire-six-fours.fr\/wp-content\/uploads\/2021\/10\/2021-expo-a-du-pl_0019.jpg 1000w, https:\/\/histoire-six-fours.fr\/wp-content\/uploads\/2021\/10\/2021-expo-a-du-pl_0019-300x172.jpg 300w, https:\/\/histoire-six-fours.fr\/wp-content\/uploads\/2021\/10\/2021-expo-a-du-pl_0019-768x441.jpg 768w\" sizes=\"auto, (max-width: 1000px) 100vw, 1000px\" \/><figcaption>Inauguration de l&rsquo;exposition par Antoine Peretti <\/figcaption><\/figure>\n\n\n\n<figure class=\"wp-block-image size-full\"><img loading=\"lazy\" decoding=\"async\" width=\"1000\" height=\"601\" src=\"https:\/\/histoire-six-fours.fr\/wp-content\/uploads\/2021\/10\/2021-expo_0031-1.jpg\" alt=\"\" class=\"wp-image-897\" srcset=\"https:\/\/histoire-six-fours.fr\/wp-content\/uploads\/2021\/10\/2021-expo_0031-1.jpg 1000w, https:\/\/histoire-six-fours.fr\/wp-content\/uploads\/2021\/10\/2021-expo_0031-1-300x180.jpg 300w, https:\/\/histoire-six-fours.fr\/wp-content\/uploads\/2021\/10\/2021-expo_0031-1-768x462.jpg 768w\" sizes=\"auto, (max-width: 1000px) 100vw, 1000px\" \/><figcaption>Vingt-six panneaux et une nombreuse assistance<\/figcaption><\/figure>\n    <div class=\"masteqr-postwarpper\" id=\"masteqr-wrap69f32162dbb2d\"><div style=\"text-align:center\" id=\"masteqr-post69f32162dbb2d\" class=\"masteqr-post\"  data-size=\"100\" data-content=\"https:\/\/histoire-six-fours.fr\/wp-json\/wp\/v2\/posts\/879\"><\/div><div class =\"mqrbtnalign\" style=\"    display: flex;justify-content:center\"><div style=\"width:100px;display:flex;align-items: center;justify-content: center;font-size: small\">\n                <\/div><\/div><\/div>","protected":false},"excerpt":{"rendered":"<p>Dans le cadre des journ\u00e9es du Patrimoine notre association a propos\u00e9 une exposition de vingt-six panneaux &#8230; Vingt-six panneaux qui retrace l&rsquo;histoire sociale et \u00e9conomique de Six-Fours durant les trois derniers si\u00e8cles&#8230; du d\u00e9veloppement de Reynier qui devient l&rsquo;actuel centre ville \u00e0 l&rsquo;am\u00e9nagement touristique du littoral. Plusieurs panneaux retracent aussi le paysage agricole et l&rsquo;habitat du XIX\u00b0 si\u00e8cle tel que l&rsquo;on peut les reconstituer \u00e0 partir du cadastre napol\u00e9onien (1820) et de diverses sources.<\/p>\n","protected":false},"author":7,"featured_media":0,"comment_status":"closed","ping_status":"closed","sticky":false,"template":"","format":"standard","meta":{"footnotes":""},"categories":[24],"tags":[16,18],"class_list":["post-879","post","type-post","status-publish","format-standard","hentry","category-expositions","tag-eglise","tag-evenement"],"_links":{"self":[{"href":"https:\/\/histoire-six-fours.fr\/index.php\/wp-json\/wp\/v2\/posts\/879","targetHints":{"allow":["GET"]}}],"collection":[{"href":"https:\/\/histoire-six-fours.fr\/index.php\/wp-json\/wp\/v2\/posts"}],"about":[{"href":"https:\/\/histoire-six-fours.fr\/index.php\/wp-json\/wp\/v2\/types\/post"}],"author":[{"embeddable":true,"href":"https:\/\/histoire-six-fours.fr\/index.php\/wp-json\/wp\/v2\/users\/7"}],"replies":[{"embeddable":true,"href":"https:\/\/histoire-six-fours.fr\/index.php\/wp-json\/wp\/v2\/comments?post=879"}],"version-history":[{"count":5,"href":"https:\/\/histoire-six-fours.fr\/index.php\/wp-json\/wp\/v2\/posts\/879\/revisions"}],"predecessor-version":[{"id":898,"href":"https:\/\/histoire-six-fours.fr\/index.php\/wp-json\/wp\/v2\/posts\/879\/revisions\/898"}],"wp:attachment":[{"href":"https:\/\/histoire-six-fours.fr\/index.php\/wp-json\/wp\/v2\/media?parent=879"}],"wp:term":[{"taxonomy":"category","embeddable":true,"href":"https:\/\/histoire-six-fours.fr\/index.php\/wp-json\/wp\/v2\/categories?post=879"},{"taxonomy":"post_tag","embeddable":true,"href":"https:\/\/histoire-six-fours.fr\/index.php\/wp-json\/wp\/v2\/tags?post=879"}],"curies":[{"name":"wp","href":"https:\/\/api.w.org\/{rel}","templated":true}]}}