{"id":755,"date":"2021-05-24T18:06:59","date_gmt":"2021-05-24T16:06:59","guid":{"rendered":"https:\/\/histoire-six-fours.fr\/?p=755"},"modified":"2021-05-29T10:26:58","modified_gmt":"2021-05-29T08:26:58","slug":"lieux-et-monuments-la-batterie-du-cap-negre","status":"publish","type":"post","link":"https:\/\/histoire-six-fours.fr\/index.php\/2021\/05\/24\/lieux-et-monuments-la-batterie-du-cap-negre\/","title":{"rendered":"Lieux et monuments : La batterie du Cap N\u00e8gre"},"content":{"rendered":"\n<h2 class=\"wp-block-heading\">Le Cap N\u00e8gre<\/h2>\n\n\n\n<p class=\"has-medium-font-size\">Le Cap N\u00e8gre, un cap de roche noire, du basalte, qui s\u2019avance dans la mer et s\u00e9pare la baie de Sanary de la baie du Brusc. Cette curiosit\u00e9 g\u00e9ologique correspond \u00e0 l\u2019extr\u00e9mit\u00e9 sud d\u2019une coul\u00e9e basaltique provenant d\u2019un piton volcanique, le Rocher de l\u2019Aigle d\u2019Evenos.<br><br><\/p>\n\n\n\n<figure class=\"wp-block-image size-large\"><img loading=\"lazy\" decoding=\"async\" width=\"1024\" height=\"296\" src=\"https:\/\/histoire-six-fours.fr\/wp-content\/uploads\/2021\/05\/art-capnPanorama-leo1-1024x296.jpg\" alt=\"\" class=\"wp-image-756\" srcset=\"https:\/\/histoire-six-fours.fr\/wp-content\/uploads\/2021\/05\/art-capnPanorama-leo1-1024x296.jpg 1024w, https:\/\/histoire-six-fours.fr\/wp-content\/uploads\/2021\/05\/art-capnPanorama-leo1-300x87.jpg 300w, https:\/\/histoire-six-fours.fr\/wp-content\/uploads\/2021\/05\/art-capnPanorama-leo1-768x222.jpg 768w, https:\/\/histoire-six-fours.fr\/wp-content\/uploads\/2021\/05\/art-capnPanorama-leo1-1536x444.jpg 1536w, https:\/\/histoire-six-fours.fr\/wp-content\/uploads\/2021\/05\/art-capnPanorama-leo1-1140x329.jpg 1140w, https:\/\/histoire-six-fours.fr\/wp-content\/uploads\/2021\/05\/art-capnPanorama-leo1.jpg 2000w\" sizes=\"auto, (max-width: 1024px) 100vw, 1024px\" \/><figcaption>La baie de Sanary vue du Cap N\u00e8gre <\/figcaption><\/figure>\n\n\n\n<h2 class=\"wp-block-heading\"><strong>Un littoral menac\u00e9 depuis des si\u00e8cles<\/strong><\/h2>\n\n\n\n<p class=\"has-medium-font-size\">Face \u00e0 la menace des pirates barbaresques comme \u00e0 celles des flottes ennemies, espagnoles, anglaises , hollandaises, au gr\u00e9 des guerres qui se succ\u00e8dent, les communaut\u00e9s villageoises du littoral se voient demander de surveiller et de signaler les navires suspects&nbsp;; Des \u00ab&nbsp;farots&nbsp;\u00bb tours en pierre o\u00f9 des feux \u00e9taient allum\u00e9s en cas d\u2019alerte sont construits le long du littoral. Des 1558 la communaut\u00e9 de Six Fours entretient une centaine de gardes arm\u00e9s pour assurer la surveillance et la garde de la c\u00f4te face aux incursions turques ( barbaresques) et aux pirates.<\/p>\n\n\n\n<h2 class=\"wp-block-heading\"><strong>A la fin du XVII\u00b0 si\u00e8cle une premi\u00e8re batterie sur le Cap N\u00e8gre.<\/strong><\/h2>\n\n\n\n<p class=\"has-medium-font-size\">&nbsp;A partir des ann\u00e9es 1670 l\u2019Arsenal de Toulon est en plein d\u00e9veloppement , le port de Toulon abritant la flotte fran\u00e7aise de M\u00e9diterran\u00e9e. Un r\u00e9seau de fortifications est mis en place par Vauban et par le Mar\u00e9chal de Tourville pour prot\u00e9ger Toulon de toute attaque. Une batterie est construite sur la pointe N\u00e8gre en 1695 et arm\u00e9e d\u2019un mortier et de deux canons de 24 onces ( d\u2019 autres sont \u00e9tablies \u00e0 Portissol, \u00e0 la Cride, aux Embiez et \u00e0 la Love )<\/p>\n\n\n\n<div class=\"wp-block-image\"><figure class=\"aligncenter size-large is-resized\"><img loading=\"lazy\" decoding=\"async\" src=\"https:\/\/histoire-six-fours.fr\/wp-content\/uploads\/2021\/05\/art-cap-negre-mortiers-484x1024.jpg\" alt=\"\" class=\"wp-image-758\" width=\"294\" height=\"623\" srcset=\"https:\/\/histoire-six-fours.fr\/wp-content\/uploads\/2021\/05\/art-cap-negre-mortiers-484x1024.jpg 484w, https:\/\/histoire-six-fours.fr\/wp-content\/uploads\/2021\/05\/art-cap-negre-mortiers-142x300.jpg 142w, https:\/\/histoire-six-fours.fr\/wp-content\/uploads\/2021\/05\/art-cap-negre-mortiers-768x1625.jpg 768w, https:\/\/histoire-six-fours.fr\/wp-content\/uploads\/2021\/05\/art-cap-negre-mortiers-726x1536.jpg 726w, https:\/\/histoire-six-fours.fr\/wp-content\/uploads\/2021\/05\/art-cap-negre-mortiers.jpg 900w\" sizes=\"auto, (max-width: 294px) 100vw, 294px\" \/><figcaption>Mortiers : Encyclop\u00e9die Ed. de Panckoucke 1783<\/figcaption><\/figure><\/div>\n\n\n\n<h2 class=\"wp-block-heading\"><strong>Fin XVIII\u00b0si\u00e8cle&nbsp;: La r\u00e9volution\u2026<\/strong><\/h2>\n\n\n\n<p class=\"has-medium-font-size\">Un si\u00e8cle plus tard en <strong>1794 <\/strong>quatre canons de 36 livres et 1 mortier servis par 29 canonniers arment la batterie de la Pointe N\u00e8gre prise un an plus t\u00f4t par les forces r\u00e9publicaines alors que Toulon est aux mains des anglais et des royalistes.\u2026 Nous sommes en pleine R\u00e9volution Fran\u00e7aise et le maire de Six-Fours a \u00e9t\u00e9 accus\u00e9 de ne pas avoir maintenu op\u00e9rationnelles les batteries c\u00f4ti\u00e8res face aux anglais&nbsp;; Il sera guillotin\u00e9.<\/p>\n\n\n\n<figure class=\"wp-block-image size-large\"><img loading=\"lazy\" decoding=\"async\" width=\"846\" height=\"1024\" src=\"https:\/\/histoire-six-fours.fr\/wp-content\/uploads\/2021\/05\/art-forts-s-f-002-846x1024.jpg\" alt=\"\" class=\"wp-image-759\" srcset=\"https:\/\/histoire-six-fours.fr\/wp-content\/uploads\/2021\/05\/art-forts-s-f-002-846x1024.jpg 846w, https:\/\/histoire-six-fours.fr\/wp-content\/uploads\/2021\/05\/art-forts-s-f-002-248x300.jpg 248w, https:\/\/histoire-six-fours.fr\/wp-content\/uploads\/2021\/05\/art-forts-s-f-002-768x929.jpg 768w, https:\/\/histoire-six-fours.fr\/wp-content\/uploads\/2021\/05\/art-forts-s-f-002.jpg 1000w\" sizes=\"auto, (max-width: 846px) 100vw, 846px\" \/><figcaption>Illustration Cahier du Patrimoine de l&rsquo;Ouest Varois n\u00b011, Ed Foyer P.Singal, Sanary sur mer<\/figcaption><\/figure>\n\n\n\n<p class=\"has-medium-font-size\"><strong>1815&nbsp;:<\/strong> La restauration de la monarchie apporte la paix\u2026 les batteries c\u00f4ti\u00e8res sont d\u00e9sarm\u00e9es mais quelques ann\u00e9es plus tard la situation change&#8230;<\/p>\n\n\n\n<h2 class=\"wp-block-heading\"><strong>Au milieu du XIX\u00b0si\u00e8cle le b\u00e2timent actuel est construit.<\/strong><\/h2>\n\n\n\n<div class=\"wp-block-image\"><figure class=\"aligncenter size-large is-resized\"><img loading=\"lazy\" decoding=\"async\" src=\"https:\/\/histoire-six-fours.fr\/wp-content\/uploads\/2021\/05\/art-cap-negre-vue-fort0254-1.jpg\" alt=\"\" class=\"wp-image-761\" width=\"646\" height=\"431\" srcset=\"https:\/\/histoire-six-fours.fr\/wp-content\/uploads\/2021\/05\/art-cap-negre-vue-fort0254-1.jpg 1000w, https:\/\/histoire-six-fours.fr\/wp-content\/uploads\/2021\/05\/art-cap-negre-vue-fort0254-1-300x201.jpg 300w, https:\/\/histoire-six-fours.fr\/wp-content\/uploads\/2021\/05\/art-cap-negre-vue-fort0254-1-768x514.jpg 768w\" sizes=\"auto, (max-width: 646px) 100vw, 646px\" \/><figcaption>Photo G.Valentin<\/figcaption><\/figure><\/div>\n\n\n\n<p class=\"has-medium-font-size\">Un nouveau contexte&nbsp;: Les rivalit\u00e9s coloniales ravivent les conflits entre les puissances europ\u00e9ennes\u2026et rendent indispensable le r\u00e9armement des c\u00f4tes fran\u00e7aises. Une commission d\u2019armement des c\u00f4tes est mise en place <strong>en 1841 <\/strong>qui pr\u00e9conise la construction de nouvelles batteries dot\u00e9es de r\u00e9duits standardis\u00e9s tous construits sur les m\u00eames mod\u00e8les&nbsp;architecturaux : \u00ab&nbsp;tours&nbsp;\u00bb sur deux niveaux ou&nbsp;\u00ab&nbsp;corps de garde&nbsp;\u00bb sur un seul niveau. Ouvertures en briques pour limiter la projection d&rsquo;\u00e9clats en cas d&rsquo;attaque . B\u00e2timents semi-enterr\u00e9s&#8230;<br>Le r\u00e9duit du Cap N\u00e8gre est construit de <strong>1846 \u00e0 1850&nbsp;<\/strong>.<\/p>\n\n\n\n<figure class=\"wp-block-image size-large\"><img loading=\"lazy\" decoding=\"async\" width=\"1024\" height=\"462\" src=\"https:\/\/histoire-six-fours.fr\/wp-content\/uploads\/2021\/05\/art-cap-negre_0261-1024x462.jpg\" alt=\"\" class=\"wp-image-762\" srcset=\"https:\/\/histoire-six-fours.fr\/wp-content\/uploads\/2021\/05\/art-cap-negre_0261-1024x462.jpg 1024w, https:\/\/histoire-six-fours.fr\/wp-content\/uploads\/2021\/05\/art-cap-negre_0261-300x135.jpg 300w, https:\/\/histoire-six-fours.fr\/wp-content\/uploads\/2021\/05\/art-cap-negre_0261-768x347.jpg 768w, https:\/\/histoire-six-fours.fr\/wp-content\/uploads\/2021\/05\/art-cap-negre_0261-1140x514.jpg 1140w, https:\/\/histoire-six-fours.fr\/wp-content\/uploads\/2021\/05\/art-cap-negre_0261.jpg 1250w\" sizes=\"auto, (max-width: 1024px) 100vw, 1024px\" \/><figcaption>Au premier plan l&rsquo;\u00e9paulement sur lequel les canons \u00e9taient positionn\u00e9s. Photo G.Valentin<\/figcaption><\/figure>\n\n\n\n<p class=\"has-medium-font-size\">Face \u00e0 la mer un \u00e9paulement en fer \u00e0 cheval \u00e0 ras du sol le long duquel pourront \u00eatre d\u00e9ploy\u00e9es les pi\u00e8ces d\u2019artillerie. Un peu en arri\u00e8re et entour\u00e9e d\u2019un foss\u00e9 une \u00ab&nbsp;tour cr\u00e9nel\u00e9e plan type n\u00b02&nbsp;\u00bb. Accessible par un pont-levis elle comprend deux niveaux vout\u00e9s \u00e0 l\u2019\u00e9preuve de l\u2019artillerie ennemie et surmont\u00e9s d\u2019une terrasse.<br>L\u2019armement pr\u00e9vu comprend trois canons de 30 pouces et trois obusiers de 22 pouces\u2026<\/p>\n\n\n\n<div class=\"wp-block-image\"><figure class=\"aligncenter size-large is-resized\"><img loading=\"lazy\" decoding=\"async\" src=\"https:\/\/histoire-six-fours.fr\/wp-content\/uploads\/2021\/05\/art-cap-negre2-photos-entree-0239.jpg\" alt=\"\" class=\"wp-image-763\" width=\"608\" height=\"426\" srcset=\"https:\/\/histoire-six-fours.fr\/wp-content\/uploads\/2021\/05\/art-cap-negre2-photos-entree-0239.jpg 1000w, https:\/\/histoire-six-fours.fr\/wp-content\/uploads\/2021\/05\/art-cap-negre2-photos-entree-0239-300x211.jpg 300w, https:\/\/histoire-six-fours.fr\/wp-content\/uploads\/2021\/05\/art-cap-negre2-photos-entree-0239-768x539.jpg 768w\" sizes=\"auto, (max-width: 608px) 100vw, 608px\" \/><figcaption>Le pont-levis et son m\u00e9canisme Photo G.Valentin<\/figcaption><\/figure><\/div>\n\n\n\n<p class=\"has-medium-font-size\">Les progr\u00e8s de l\u2019artillerie ( canons ray\u00e9s, chargement par la culasse&nbsp; et obus \u00e0 la place des boulets ) font que la dotation de la batterie de la pointe N\u00e8gre est modifi\u00e9e en 1877&nbsp;: Quatre canons ray\u00e9s de30 pouces et un mortier de32 pouces\u2026<\/p>\n\n\n\n<h2 class=\"wp-block-heading\"><strong>Nouvelle strat\u00e9gie et d\u00e9classement de l\u2019ouvrage.<\/strong><br><\/h2>\n\n\n\n<p class=\"has-medium-font-size\">Trois ans plus tard le fort construit sur la colline de Six-Fours inaugure un changement de strat\u00e9gie&nbsp;: Les c\u00f4tes sont d\u00e9sormais d\u00e9fendues par des forts de grande taille plac\u00e9s sur les hauteurs et qui utilisent des canons plus pr\u00e9cis et surtout de plus longue port\u00e9e&nbsp;: Dix kilom\u00e8tres pour les canons de 24 cm du fort de Six Fours.<\/p>\n\n\n\n<div class=\"wp-block-image\"><figure class=\"aligncenter size-large is-resized\"><img loading=\"lazy\" decoding=\"async\" src=\"https:\/\/histoire-six-fours.fr\/wp-content\/uploads\/2021\/05\/art-cap-negre-avec-fort-six-f0251.jpg\" alt=\"\" class=\"wp-image-764\" width=\"498\" height=\"307\" srcset=\"https:\/\/histoire-six-fours.fr\/wp-content\/uploads\/2021\/05\/art-cap-negre-avec-fort-six-f0251.jpg 900w, https:\/\/histoire-six-fours.fr\/wp-content\/uploads\/2021\/05\/art-cap-negre-avec-fort-six-f0251-300x186.jpg 300w, https:\/\/histoire-six-fours.fr\/wp-content\/uploads\/2021\/05\/art-cap-negre-avec-fort-six-f0251-768x475.jpg 768w\" sizes=\"auto, (max-width: 498px) 100vw, 498px\" \/><figcaption>En arri\u00e8re plan le Fort de Six Fours&#8230;<\/figcaption><\/figure><\/div>\n\n\n\n<p class=\"has-medium-font-size\">Cette strat\u00e9gie implique le d\u00e9classement&nbsp; et le d\u00e9sarmement des batteries c\u00f4ti\u00e8res\u2026En 1889 la batterie du Cap N\u00e8gre est d\u00e9sarm\u00e9e..<br><br>Rest\u00e9e domaine de l\u2019arm\u00e9e, elle accueille en 1939 un projecteur de DCA puis lorsqu\u2019elle tombe aux mains des troupes allemandes en 1942 un poste de surveillance c\u00f4ti\u00e8re.<br>Apr\u00e8s la guerre la pointe du Cap N\u00e8gre sert de terrain d\u2019essai pour les chars AMX des \u00ab&nbsp;Forges et Chantiers de la M\u00e9diterran\u00e9e&nbsp;\u00bb.<br><br>En 1991 l\u2019ouvrage est acquis par la Commune qui entreprend sa restauration.<br>R\u00e9habilit\u00e9, ce site fortifi\u00e9 accueille d\u00e9sormais de nombreuses expositions et manifestations au c\u0153ur d\u2019un espace paysager remarquable et d\u00e9sormais prot\u00e9g\u00e9.<\/p>\n    <div class=\"masteqr-postwarpper\" id=\"masteqr-wrap69f25db197821\"><div style=\"text-align:center\" id=\"masteqr-post69f25db197821\" class=\"masteqr-post\"  data-size=\"100\" data-content=\"https:\/\/histoire-six-fours.fr\/wp-json\/wp\/v2\/posts\/755\"><\/div><div class =\"mqrbtnalign\" style=\"    display: flex;justify-content:center\"><div style=\"width:100px;display:flex;align-items: center;justify-content: center;font-size: small\">\n                <\/div><\/div><\/div>","protected":false},"excerpt":{"rendered":"<p>Le Cap N\u00e8gre Le Cap N\u00e8gre, un cap de roche noire, du basalte, qui s\u2019avance dans la mer et s\u00e9pare la baie de Sanary de la baie du Brusc. Cette curiosit\u00e9 g\u00e9ologique correspond \u00e0 l\u2019extr\u00e9mit\u00e9 sud d\u2019une coul\u00e9e basaltique provenant d\u2019un piton volcanique, le Rocher de l\u2019Aigle d\u2019Evenos. Un littoral menac\u00e9 depuis des si\u00e8cles Face \u00e0 la menace des pirates barbaresques comme \u00e0 celles des flottes ennemies, espagnoles, anglaises , hollandaises, au gr\u00e9 des guerres qui se succ\u00e8dent, les communaut\u00e9s villageoises du littoral se voient demander de surveiller et de signaler les navires suspects&nbsp;; Des \u00ab&nbsp;farots&nbsp;\u00bb tours en pierre o\u00f9 des feux \u00e9taient allum\u00e9s en cas d\u2019alerte sont construits le long du littoral. Des 1558 la communaut\u00e9 de Six Fours entretient une centaine de gardes arm\u00e9s pour assurer la surveillance et la garde de la c\u00f4te face aux incursions turques ( barbaresques) et aux pirates. A la fin du XVII\u00b0 si\u00e8cle une premi\u00e8re batterie sur le Cap N\u00e8gre. &nbsp;A partir des ann\u00e9es 1670 l\u2019Arsenal de Toulon est en plein d\u00e9veloppement , le port de Toulon abritant la flotte fran\u00e7aise de M\u00e9diterran\u00e9e. Un r\u00e9seau de fortifications est mis en place par Vauban et par le Mar\u00e9chal de Tourville pour prot\u00e9ger Toulon de toute attaque. Une batterie est construite sur la pointe N\u00e8gre en 1695 et arm\u00e9e d\u2019un mortier et de deux canons de 24 onces ( d\u2019 autres sont \u00e9tablies \u00e0 Portissol, \u00e0 la Cride, aux Embiez et \u00e0 la Love ) Fin XVIII\u00b0si\u00e8cle&nbsp;: La r\u00e9volution\u2026 Un si\u00e8cle plus tard en 1794 quatre canons de 36 livres et 1 mortier servis par 29 canonniers arment la batterie de la Pointe N\u00e8gre prise un an plus t\u00f4t par les forces r\u00e9publicaines alors que Toulon est aux mains des anglais et des royalistes.\u2026 Nous sommes en pleine R\u00e9volution Fran\u00e7aise et le maire de Six-Fours a \u00e9t\u00e9 accus\u00e9 de ne pas avoir maintenu op\u00e9rationnelles les batteries c\u00f4ti\u00e8res face aux anglais&nbsp;; Il sera guillotin\u00e9. 1815&nbsp;: La restauration de la monarchie apporte la paix\u2026 les batteries c\u00f4ti\u00e8res sont d\u00e9sarm\u00e9es mais quelques ann\u00e9es plus tard la situation change&#8230; Au milieu du XIX\u00b0si\u00e8cle le b\u00e2timent actuel est construit. Un nouveau contexte&nbsp;: Les rivalit\u00e9s coloniales ravivent les conflits entre les puissances europ\u00e9ennes\u2026et rendent indispensable le r\u00e9armement des c\u00f4tes fran\u00e7aises. Une commission d\u2019armement des c\u00f4tes est mise en place en 1841 qui pr\u00e9conise la construction de nouvelles batteries dot\u00e9es de r\u00e9duits standardis\u00e9s tous construits sur les m\u00eames mod\u00e8les&nbsp;architecturaux : \u00ab&nbsp;tours&nbsp;\u00bb sur deux niveaux ou&nbsp;\u00ab&nbsp;corps de garde&nbsp;\u00bb sur un seul niveau. Ouvertures en briques pour limiter la projection d&rsquo;\u00e9clats en cas d&rsquo;attaque . B\u00e2timents semi-enterr\u00e9s&#8230;Le r\u00e9duit du Cap N\u00e8gre est construit de 1846 \u00e0 1850&nbsp;. Face \u00e0 la mer un \u00e9paulement en fer \u00e0 cheval \u00e0 ras du sol le long duquel pourront \u00eatre d\u00e9ploy\u00e9es les pi\u00e8ces d\u2019artillerie. Un peu en arri\u00e8re et entour\u00e9e d\u2019un foss\u00e9 une \u00ab&nbsp;tour cr\u00e9nel\u00e9e plan type n\u00b02&nbsp;\u00bb. Accessible par un pont-levis elle comprend deux niveaux vout\u00e9s \u00e0 l\u2019\u00e9preuve de l\u2019artillerie ennemie et surmont\u00e9s d\u2019une terrasse.L\u2019armement pr\u00e9vu comprend trois canons de 30 pouces et trois obusiers de 22 pouces\u2026 Les progr\u00e8s de l\u2019artillerie ( canons ray\u00e9s, chargement par la culasse&nbsp; et obus \u00e0 la place des boulets ) font que la dotation de la batterie de la pointe N\u00e8gre est modifi\u00e9e en 1877&nbsp;: Quatre canons ray\u00e9s de30 pouces et un mortier de32 pouces\u2026 Nouvelle strat\u00e9gie et d\u00e9classement de l\u2019ouvrage. Trois ans plus tard le fort construit sur la colline de Six-Fours inaugure un changement de strat\u00e9gie&nbsp;: Les c\u00f4tes sont d\u00e9sormais d\u00e9fendues par des forts de grande taille plac\u00e9s sur les hauteurs et qui utilisent des canons plus pr\u00e9cis et surtout de plus longue port\u00e9e&nbsp;: Dix kilom\u00e8tres pour les canons de 24 cm du fort de Six Fours. Cette strat\u00e9gie implique le d\u00e9classement&nbsp; et le d\u00e9sarmement des batteries c\u00f4ti\u00e8res\u2026En 1889 la batterie du Cap N\u00e8gre est d\u00e9sarm\u00e9e.. Rest\u00e9e domaine de l\u2019arm\u00e9e, elle accueille en 1939 un projecteur de DCA puis lorsqu\u2019elle tombe aux mains des troupes allemandes en 1942 un poste de surveillance c\u00f4ti\u00e8re.Apr\u00e8s la guerre la pointe du Cap N\u00e8gre sert de terrain d\u2019essai pour les chars AMX des \u00ab&nbsp;Forges et Chantiers de la M\u00e9diterran\u00e9e&nbsp;\u00bb. En 1991 l\u2019ouvrage est acquis par la Commune qui entreprend sa restauration.R\u00e9habilit\u00e9, ce site fortifi\u00e9 accueille d\u00e9sormais de nombreuses expositions et manifestations au c\u0153ur d\u2019un espace paysager remarquable et d\u00e9sormais prot\u00e9g\u00e9.<\/p>\n","protected":false},"author":7,"featured_media":0,"comment_status":"closed","ping_status":"","sticky":false,"template":"","format":"standard","meta":{"footnotes":""},"categories":[19,48],"tags":[62,61],"class_list":["post-755","post","type-post","status-publish","format-standard","hentry","category-decouvrir","category-lieux-et-monuments","tag-xixsiecle","tag-xviiisiecle"],"_links":{"self":[{"href":"https:\/\/histoire-six-fours.fr\/index.php\/wp-json\/wp\/v2\/posts\/755","targetHints":{"allow":["GET"]}}],"collection":[{"href":"https:\/\/histoire-six-fours.fr\/index.php\/wp-json\/wp\/v2\/posts"}],"about":[{"href":"https:\/\/histoire-six-fours.fr\/index.php\/wp-json\/wp\/v2\/types\/post"}],"author":[{"embeddable":true,"href":"https:\/\/histoire-six-fours.fr\/index.php\/wp-json\/wp\/v2\/users\/7"}],"replies":[{"embeddable":true,"href":"https:\/\/histoire-six-fours.fr\/index.php\/wp-json\/wp\/v2\/comments?post=755"}],"version-history":[{"count":4,"href":"https:\/\/histoire-six-fours.fr\/index.php\/wp-json\/wp\/v2\/posts\/755\/revisions"}],"predecessor-version":[{"id":793,"href":"https:\/\/histoire-six-fours.fr\/index.php\/wp-json\/wp\/v2\/posts\/755\/revisions\/793"}],"wp:attachment":[{"href":"https:\/\/histoire-six-fours.fr\/index.php\/wp-json\/wp\/v2\/media?parent=755"}],"wp:term":[{"taxonomy":"category","embeddable":true,"href":"https:\/\/histoire-six-fours.fr\/index.php\/wp-json\/wp\/v2\/categories?post=755"},{"taxonomy":"post_tag","embeddable":true,"href":"https:\/\/histoire-six-fours.fr\/index.php\/wp-json\/wp\/v2\/tags?post=755"}],"curies":[{"name":"wp","href":"https:\/\/api.w.org\/{rel}","templated":true}]}}