{"id":590,"date":"2021-05-12T22:00:36","date_gmt":"2021-05-12T20:00:36","guid":{"rendered":"https:\/\/histoire-six-fours.fr\/?p=590"},"modified":"2025-05-12T17:38:50","modified_gmt":"2025-05-12T15:38:50","slug":"lieux-et-monuments-la-chapelle-notre-dame-de-pepiole","status":"publish","type":"post","link":"https:\/\/histoire-six-fours.fr\/index.php\/2021\/05\/12\/lieux-et-monuments-la-chapelle-notre-dame-de-pepiole\/","title":{"rendered":"Lieux et monuments : La chapelle Notre-Dame de P\u00e9piole"},"content":{"rendered":"\n<h2 class=\"wp-block-heading\">P\u00e9piole un lieu-dit<\/h2>\n\n\n\n<p class=\"has-medium-font-size\"><br>Au nord est de la colline du fort, entre deux zones d\u2019activit\u00e9s, une autoroute et une voie ferr\u00e9e\u2026on peut d\u00e9couvrir une oasis de verdure, \u00ab\u00a0P\u00e9piole\u00a0\u00bb,  et parmi les oliviers, une petite chapelle, Notre Dame de P\u00e9piole; en contrebas vers la Reppe une bastide ancienne.<\/p>\n\n\n<div class=\"wp-block-image\">\n<figure class=\"aligncenter size-large is-resized\"><img loading=\"lazy\" decoding=\"async\" width=\"1024\" height=\"685\" src=\"https:\/\/histoire-six-fours.fr\/wp-content\/uploads\/2021\/05\/art-pepiole_0233-1024x685.jpg\" alt=\"\" class=\"wp-image-591\" style=\"width:548px;height:366px\" srcset=\"https:\/\/histoire-six-fours.fr\/wp-content\/uploads\/2021\/05\/art-pepiole_0233-1024x685.jpg 1024w, https:\/\/histoire-six-fours.fr\/wp-content\/uploads\/2021\/05\/art-pepiole_0233-300x201.jpg 300w, https:\/\/histoire-six-fours.fr\/wp-content\/uploads\/2021\/05\/art-pepiole_0233-768x514.jpg 768w, https:\/\/histoire-six-fours.fr\/wp-content\/uploads\/2021\/05\/art-pepiole_0233-1536x1028.jpg 1536w, https:\/\/histoire-six-fours.fr\/wp-content\/uploads\/2021\/05\/art-pepiole_0233-1140x763.jpg 1140w, https:\/\/histoire-six-fours.fr\/wp-content\/uploads\/2021\/05\/art-pepiole_0233.jpg 1600w\" sizes=\"auto, (max-width: 1024px) 100vw, 1024px\" \/><figcaption class=\"wp-element-caption\">Fa\u00e7ade sud Clich\u00e9 G.V.<\/figcaption><\/figure>\n<\/div>\n\n\n<h2 class=\"wp-block-heading\">P\u00e9piole : Une chapelle<\/h2>\n\n\n\n<p class=\"has-medium-font-size\"><br>Chapelle \u00e0 l\u2019architecture originale\u2026 Trois nefs et trois absides et des pierres apparentes. Des vitraux en \u00ab&nbsp;culs de bouteilles&nbsp;\u00bb et des dimensions modestes\u2026<\/p>\n\n\n\n<h2 class=\"wp-block-heading\"><\/h2>\n\n\n<div class=\"wp-block-image\">\n<figure class=\"aligncenter size-large is-resized\"><img loading=\"lazy\" decoding=\"async\" width=\"777\" height=\"510\" src=\"https:\/\/histoire-six-fours.fr\/wp-content\/uploads\/2021\/05\/art-pepiole-vue-aer.jpg\" alt=\"\" class=\"wp-image-592\" style=\"width:553px;height:363px\" srcset=\"https:\/\/histoire-six-fours.fr\/wp-content\/uploads\/2021\/05\/art-pepiole-vue-aer.jpg 777w, https:\/\/histoire-six-fours.fr\/wp-content\/uploads\/2021\/05\/art-pepiole-vue-aer-300x197.jpg 300w, https:\/\/histoire-six-fours.fr\/wp-content\/uploads\/2021\/05\/art-pepiole-vue-aer-768x504.jpg 768w\" sizes=\"auto, (max-width: 777px) 100vw, 777px\" \/><figcaption class=\"wp-element-caption\">Photo Amis du Patrimoine<\/figcaption><\/figure>\n<\/div>\n\n\n<h2 class=\"wp-block-heading\"><br>La chapelle et son histoire.<\/h2>\n\n\n\n<p class=\"has-medium-font-size\"><strong>Histoire r\u00e9cente:<\/strong> 1956&nbsp;: le p\u00e8re Charlier un b\u00e9n\u00e9dictin belge d\u00e9couvre cette chapelle et se lance avec un groupe de b\u00e9n\u00e9voles dans une restauration d\u2019envergure\u2026grattant la totalit\u00e9 des enduits ext\u00e9rieurs et int\u00e9rieurs\u2026et pla\u00e7ant dans les ouvertures ces vitraux originaux. Depuis la chapelle de P\u00e9piole est un lieu de vie, d&rsquo;accueil et de ressourcement..<\/p>\n\n\n\n<p class=\"has-medium-font-size\"><strong>Mais quelle est l\u2019origine de cette chapelle&nbsp;? A quelle \u00e9poque a-t-elle \u00e9t\u00e9 fond\u00e9e&nbsp;? Par qui et pourquoi en ce lieu isol\u00e9 ? Quelle a \u00e9t\u00e9 son histoire ensuite&nbsp;?<\/strong><\/p>\n\n\n<div class=\"wp-block-image\">\n<figure class=\"aligncenter size-large is-resized\"><img loading=\"lazy\" decoding=\"async\" width=\"640\" height=\"960\" src=\"https:\/\/histoire-six-fours.fr\/wp-content\/uploads\/2021\/05\/vitrail.jpg\" alt=\"\" class=\"wp-image-608\" style=\"width:158px;height:238px\" srcset=\"https:\/\/histoire-six-fours.fr\/wp-content\/uploads\/2021\/05\/vitrail.jpg 640w, https:\/\/histoire-six-fours.fr\/wp-content\/uploads\/2021\/05\/vitrail-200x300.jpg 200w\" sizes=\"auto, (max-width: 640px) 100vw, 640px\" \/><figcaption class=\"wp-element-caption\">Photo Amis du P.<\/figcaption><\/figure>\n<\/div>\n\n\n<p class=\"has-medium-font-size\"><strong><br><\/strong>L<strong>e site est habit\u00e9 durant l\u2019Antiquit\u00e9<\/strong>&nbsp;: Une villa romaine ( domaine agricole) \u00e0 la jonction des <a href=\"https:\/\/histoire-six-fours.fr\/index.php\/approfondir-2\/\" data-type=\"page\" data-id=\"192\">deux cadastres romains\u2026<\/a> Site abandonn\u00e9 au VI\u00b0 si\u00e8cle apr\u00e8s J.C. ( derniers tessons de poteries trouv\u00e9s sur place) au moment ou les invasions et les guerres se succ\u00e8dent et d\u00e9sertifient la r\u00e9gion.<br><br><\/p>\n\n\n<div class=\"wp-block-image\">\n<figure class=\"aligncenter size-large is-resized\"><img loading=\"lazy\" decoding=\"async\" width=\"610\" height=\"501\" src=\"https:\/\/histoire-six-fours.fr\/wp-content\/uploads\/2021\/05\/art-pepiole3-de-ceram-pepiole-VI.jpg\" alt=\"\" class=\"wp-image-593\" style=\"width:328px;height:269px\" srcset=\"https:\/\/histoire-six-fours.fr\/wp-content\/uploads\/2021\/05\/art-pepiole3-de-ceram-pepiole-VI.jpg 610w, https:\/\/histoire-six-fours.fr\/wp-content\/uploads\/2021\/05\/art-pepiole3-de-ceram-pepiole-VI-300x246.jpg 300w\" sizes=\"auto, (max-width: 610px) 100vw, 610px\" \/><figcaption class=\"wp-element-caption\">Tessons de c\u00e9ramique du VI\u00b0 si\u00e8cle trouv\u00e9s \u00e0 P\u00e9piole.  Photo Amis du Patrimoine<\/figcaption><\/figure>\n<\/div>\n\n\n<p class=\"has-medium-font-size\">La <strong>christianisation<\/strong> touche les campagnes proven\u00e7ales au V\u00b0 et au VI\u00b0 si\u00e8cles mais \u00e0 la diff\u00e9rence d\u2019autres lieux en Provence (comme N.D. de Gayolle \u00e0 la Celle).\u00b0aucun indice arch\u00e9ologique, aucun texte, aucune tradition ancienne n\u2019atteste qu\u2019\u00e0 P\u00e9piole \u00e0 cette \u00e9poque une chapelle y aurait \u00e9t\u00e9 construite m\u00eame si ces quelques tessons de c\u00e9ramique y ont \u00e9t\u00e9 d\u00e9couverts.<br><\/p>\n\n\n\n<p class=\"has-medium-font-size\">Vers l<strong>\u2019an Mille <\/strong>la r\u00e9gion renait sous l\u2019impulsion du Comte de Provence <a href=\"https:\/\/histoire-six-fours.fr\/index.php\/chronologie\/\" data-type=\"page\" data-id=\"76\">Guillaume qui redistribue les terres <\/a>apr\u00e8s sa victoire contre les sarrasins (972). Six Fours a d\u2019abord comme seigneurs l\u2019Abbaye de Montmajour( depuis 966) et le Vicomte de Marseille.<br>La nef centrale de la chapelle de P\u00e9piole date probablement des ann\u00e9es qui suivent \u2026 <strong>Donc du XI\u00b0si\u00e8cle.<\/strong> En t\u00e9moigne une architecture romane encore tr\u00e8s rustique, mais aussi les tessons de c\u00e9ramique locale<a href=\"https:\/\/histoire-six-fours.fr\/index.php\/2021\/04\/27\/histoire-de-six-fours\/\" data-type=\"post\" data-id=\"323\">. 96 fragments de poterie \u00e0 pate grise du XI\u00b0 et XII\u00b0<\/a> ainsi que des tombes ont \u00e9t\u00e9 retrouv\u00e9s attestant&nbsp; qu\u2019il s\u2019y regroupaient&nbsp; des habitants, sans doute de fa\u00e7on intermittente<br>D\u2019autre part un gu\u00e9 permettait de traverser \u00e0 proximit\u00e9 la Reppe et sur ses rives , tout proche , le moulin Baudoin transformait le grain&nbsp; des Six-Fournais en farine\u2026<\/p>\n\n\n<div class=\"wp-block-image\">\n<figure class=\"aligncenter size-large is-resized\"><img loading=\"lazy\" decoding=\"async\" width=\"900\" height=\"602\" src=\"https:\/\/histoire-six-fours.fr\/wp-content\/uploads\/2021\/05\/art-pepiole-voute-XI_0270.jpg\" alt=\"\" class=\"wp-image-594\" style=\"width:608px;height:406px\" srcset=\"https:\/\/histoire-six-fours.fr\/wp-content\/uploads\/2021\/05\/art-pepiole-voute-XI_0270.jpg 900w, https:\/\/histoire-six-fours.fr\/wp-content\/uploads\/2021\/05\/art-pepiole-voute-XI_0270-300x201.jpg 300w, https:\/\/histoire-six-fours.fr\/wp-content\/uploads\/2021\/05\/art-pepiole-voute-XI_0270-768x514.jpg 768w\" sizes=\"auto, (max-width: 900px) 100vw, 900px\" \/><figcaption class=\"wp-element-caption\">Nef et abside centrale. Photo G.V.<\/figcaption><\/figure>\n<\/div>\n\n\n<p class=\"has-medium-font-size\">Dans la r\u00e9gion l\u2019abbaye Saint Victor de Marseille acquiert progressivement de plus en plus de terres et finit par r\u00e9cup\u00e9rer la seigneurie de Six-Fours en <strong>1156<\/strong>.<br><\/p>\n\n\n<div class=\"wp-block-image\">\n<figure class=\"aligncenter size-large is-resized\"><img loading=\"lazy\" decoding=\"async\" width=\"900\" height=\"602\" src=\"https:\/\/histoire-six-fours.fr\/wp-content\/uploads\/2021\/05\/art-pepiole-voute-nord_0272.jpg\" alt=\"\" class=\"wp-image-595\" style=\"width:616px;height:411px\" srcset=\"https:\/\/histoire-six-fours.fr\/wp-content\/uploads\/2021\/05\/art-pepiole-voute-nord_0272.jpg 900w, https:\/\/histoire-six-fours.fr\/wp-content\/uploads\/2021\/05\/art-pepiole-voute-nord_0272-300x201.jpg 300w, https:\/\/histoire-six-fours.fr\/wp-content\/uploads\/2021\/05\/art-pepiole-voute-nord_0272-768x514.jpg 768w\" sizes=\"auto, (max-width: 900px) 100vw, 900px\" \/><figcaption class=\"wp-element-caption\">Nef Nord . Photo G.V.<\/figcaption><\/figure>\n<\/div>\n\n\n<p class=\"has-medium-font-size\"><strong>La nef nord<\/strong> a sans doute \u00e9t\u00e9 ajout\u00e9e au cours du <strong>XIII\u00b0 si\u00e8cle<\/strong>. Epoque o\u00f9 la r\u00e9gion conna\u00eet une certaine prosp\u00e9rit\u00e9 agricole et s\u2019ouvre au commerce m\u00e9diterran\u00e9en.<br>La voute de la nef nord avec ses arcs&nbsp; en plein cintre et ses cordeaux mais aussi la porte sud de la chapelle sont caract\u00e9ristiques de cette p\u00e9riode.<br><\/p>\n\n\n<div class=\"wp-block-image\">\n<figure class=\"aligncenter size-large is-resized\"><img loading=\"lazy\" decoding=\"async\" width=\"861\" height=\"1024\" src=\"https:\/\/histoire-six-fours.fr\/wp-content\/uploads\/2021\/05\/porte-mesures-861x1024.jpg\" alt=\"\" class=\"wp-image-596\" style=\"width:424px;height:504px\" srcset=\"https:\/\/histoire-six-fours.fr\/wp-content\/uploads\/2021\/05\/porte-mesures-861x1024.jpg 861w, https:\/\/histoire-six-fours.fr\/wp-content\/uploads\/2021\/05\/porte-mesures-252x300.jpg 252w, https:\/\/histoire-six-fours.fr\/wp-content\/uploads\/2021\/05\/porte-mesures-768x913.jpg 768w, https:\/\/histoire-six-fours.fr\/wp-content\/uploads\/2021\/05\/porte-mesures-1292x1536.jpg 1292w, https:\/\/histoire-six-fours.fr\/wp-content\/uploads\/2021\/05\/porte-mesures-1722x2048.jpg 1722w, https:\/\/histoire-six-fours.fr\/wp-content\/uploads\/2021\/05\/porte-mesures-1140x1356.jpg 1140w, https:\/\/histoire-six-fours.fr\/wp-content\/uploads\/2021\/05\/porte-mesures.jpg 1765w\" sizes=\"auto, (max-width: 861px) 100vw, 861px\" \/><\/figure>\n<\/div>\n\n\n<p class=\"has-medium-font-size\">Au XIII\u00b0 si\u00e8cle on a aussi une premi\u00e8re mention de la chapelle dans un \u00e9crit de <strong>1268:<\/strong> Un acte de l\u2019\u00e9v\u00eaque de Toulon qui la donne en pr\u00e9bende ( b\u00e9n\u00e9fice) \u00e0 l\u2019un de ses chanoines\u00a0 et\u00a0 y\u00a0 place un pr\u00eatre desservant ce qui confirme que cette chapelle n&rsquo;avait pas une origine monastique.<br>Nous avons tr\u00e8s peu d\u2019\u00e9l\u00e9ments sur cette chapelle dans les si\u00e8cles qui suivent, si ce n\u2019est la statue de Notre Dame de P\u00e9piole qui daterait du d\u00e9but du XVI\u00b0 si\u00e8cle et t\u00e9moigne de l\u2019influence de la renaissance italienne .<br><\/p>\n\n\n<div class=\"wp-block-image\">\n<figure class=\"aligncenter size-large is-resized\"><img loading=\"lazy\" decoding=\"async\" width=\"416\" height=\"892\" src=\"https:\/\/histoire-six-fours.fr\/wp-content\/uploads\/2021\/05\/vierge_0166.jpg\" alt=\"\" class=\"wp-image-597\" style=\"width:173px;height:370px\" srcset=\"https:\/\/histoire-six-fours.fr\/wp-content\/uploads\/2021\/05\/vierge_0166.jpg 416w, https:\/\/histoire-six-fours.fr\/wp-content\/uploads\/2021\/05\/vierge_0166-140x300.jpg 140w\" sizes=\"auto, (max-width: 416px) 100vw, 416px\" \/><figcaption class=\"wp-element-caption\">Photo G.V.<\/figcaption><\/figure>\n<\/div>\n\n\n<p class=\"has-medium-font-size\">1791 : Comme ailleurs en France,&nbsp; la chapelle est vendue comme bien national\u2026 Une famille des environs cache la statue de Notre Dame de P\u00e9piole pour la soustraire au pillage \u2026et \u00e0 la terreur antireligieuse: Elle sera restitu\u00e9e \u00e0 la chapelle au temps du p\u00e8re Charlier 150 ans plus tard.<br>La chapelle est rachet\u00e9e par les fr\u00e8res Jourdan qui poss\u00e8dent des terres alentour pour qu\u2019elle soit rendue au culte ( 1806)<br><br><\/p>\n\n\n\n<h2 class=\"wp-block-heading\">De nombreuses incertitudes demeurent :<br><\/h2>\n\n\n\n<p class=\"has-medium-font-size\">Il y a pu avoir une premi\u00e8re chapelle dans la \u00ab&nbsp;villa&nbsp;\u00bb de P\u00e9piole au V\u00b0 ou VI\u00b0si\u00e8cle\u2026 Mais c\u2019est une pure hypoth\u00e8se et aucun \u00e9l\u00e9ment ne le confirme\u2026<br>Aucun \u00e9l\u00e9ment non plus pour une \u00e9ventuelle origine monastique&nbsp;: d\u00e8s le XIII\u00b0 si\u00e8cle elle d\u00e9pend de l\u2019\u00e9v\u00eaque de Toulon et non&nbsp; d\u2019une abbaye.<br>Elle n\u2019est pas non plus la chapelle d\u2019un hameau&nbsp;: Autour d\u2019elle et \u00e0 une certaine distance quelques grosses bastides et ce jusqu\u2019au milieu du XX\u00b0si\u00e8cle , et donc une population clairsem\u00e9e. Moins d\u2019une dizaine de familles aux recensements du XVII\u00b0 et du XVIII\u00b0si\u00e8cles.<br>Nous restons donc sur l\u2019hypoth\u00e8se d\u2019une chapelle construite ou reconstruite par une petite communaut\u00e9 de paysans et de possesseurs de domaines aux alentours du XI\u00b0 &nbsp;et XII\u00b0si\u00e8cles.<\/p>\n\n\n\n<p><br><br><\/p>\n    <div class=\"masteqr-postwarpper\" id=\"masteqr-wrap69f2c2116c3f7\"><div style=\"text-align:center\" id=\"masteqr-post69f2c2116c3f7\" class=\"masteqr-post\"  data-size=\"100\" data-content=\"https:\/\/histoire-six-fours.fr\/wp-json\/wp\/v2\/posts\/590\"><\/div><div class =\"mqrbtnalign\" style=\"    display: flex;justify-content:center\"><div style=\"width:100px;display:flex;align-items: center;justify-content: center;font-size: small\">\n                <\/div><\/div><\/div>","protected":false},"excerpt":{"rendered":"<p>P\u00e9piole un lieu-dit Au nord est de la colline du fort, entre deux zones d\u2019activit\u00e9s, une autoroute et une voie ferr\u00e9e\u2026on peut d\u00e9couvrir une oasis de verdure, \u00ab\u00a0P\u00e9piole\u00a0\u00bb, et parmi les oliviers, une petite chapelle, Notre Dame de P\u00e9piole; en contrebas vers la Reppe une bastide ancienne. P\u00e9piole : Une chapelle Chapelle \u00e0 l\u2019architecture originale\u2026 Trois nefs et trois absides et des pierres apparentes. Des vitraux en \u00ab&nbsp;culs de bouteilles&nbsp;\u00bb et des dimensions modestes\u2026 La chapelle et son histoire. Histoire r\u00e9cente: 1956&nbsp;: le p\u00e8re Charlier un b\u00e9n\u00e9dictin belge d\u00e9couvre cette chapelle et se lance avec un groupe de b\u00e9n\u00e9voles dans une restauration d\u2019envergure\u2026grattant la totalit\u00e9 des enduits ext\u00e9rieurs et int\u00e9rieurs\u2026et pla\u00e7ant dans les ouvertures ces vitraux originaux. Depuis la chapelle de P\u00e9piole est un lieu de vie, d&rsquo;accueil et de ressourcement.. Mais quelle est l\u2019origine de cette chapelle&nbsp;? A quelle \u00e9poque a-t-elle \u00e9t\u00e9 fond\u00e9e&nbsp;? Par qui et pourquoi en ce lieu isol\u00e9 ? Quelle a \u00e9t\u00e9 son histoire ensuite&nbsp;? Le site est habit\u00e9 durant l\u2019Antiquit\u00e9&nbsp;: Une villa romaine ( domaine agricole) \u00e0 la jonction des deux cadastres romains\u2026 Site abandonn\u00e9 au VI\u00b0 si\u00e8cle apr\u00e8s J.C. ( derniers tessons de poteries trouv\u00e9s sur place) au moment ou les invasions et les guerres se succ\u00e8dent et d\u00e9sertifient la r\u00e9gion. La christianisation touche les campagnes proven\u00e7ales au V\u00b0 et au VI\u00b0 si\u00e8cles mais \u00e0 la diff\u00e9rence d\u2019autres lieux en Provence (comme N.D. de Gayolle \u00e0 la Celle).\u00b0aucun indice arch\u00e9ologique, aucun texte, aucune tradition ancienne n\u2019atteste qu\u2019\u00e0 P\u00e9piole \u00e0 cette \u00e9poque une chapelle y aurait \u00e9t\u00e9 construite m\u00eame si ces quelques tessons de c\u00e9ramique y ont \u00e9t\u00e9 d\u00e9couverts. Vers l\u2019an Mille la r\u00e9gion renait sous l\u2019impulsion du Comte de Provence Guillaume qui redistribue les terres apr\u00e8s sa victoire contre les sarrasins (972). Six Fours a d\u2019abord comme seigneurs l\u2019Abbaye de Montmajour( depuis 966) et le Vicomte de Marseille.La nef centrale de la chapelle de P\u00e9piole date probablement des ann\u00e9es qui suivent \u2026 Donc du XI\u00b0si\u00e8cle. En t\u00e9moigne une architecture romane encore tr\u00e8s rustique, mais aussi les tessons de c\u00e9ramique locale. 96 fragments de poterie \u00e0 pate grise du XI\u00b0 et XII\u00b0 ainsi que des tombes ont \u00e9t\u00e9 retrouv\u00e9s attestant&nbsp; qu\u2019il s\u2019y regroupaient&nbsp; des habitants, sans doute de fa\u00e7on intermittenteD\u2019autre part un gu\u00e9 permettait de traverser \u00e0 proximit\u00e9 la Reppe et sur ses rives , tout proche , le moulin Baudoin transformait le grain&nbsp; des Six-Fournais en farine\u2026 Dans la r\u00e9gion l\u2019abbaye Saint Victor de Marseille acquiert progressivement de plus en plus de terres et finit par r\u00e9cup\u00e9rer la seigneurie de Six-Fours en 1156. La nef nord a sans doute \u00e9t\u00e9 ajout\u00e9e au cours du XIII\u00b0 si\u00e8cle. Epoque o\u00f9 la r\u00e9gion conna\u00eet une certaine prosp\u00e9rit\u00e9 agricole et s\u2019ouvre au commerce m\u00e9diterran\u00e9en.La voute de la nef nord avec ses arcs&nbsp; en plein cintre et ses cordeaux mais aussi la porte sud de la chapelle sont caract\u00e9ristiques de cette p\u00e9riode. Au XIII\u00b0 si\u00e8cle on a aussi une premi\u00e8re mention de la chapelle dans un \u00e9crit de 1268: Un acte de l\u2019\u00e9v\u00eaque de Toulon qui la donne en pr\u00e9bende ( b\u00e9n\u00e9fice) \u00e0 l\u2019un de ses chanoines\u00a0 et\u00a0 y\u00a0 place un pr\u00eatre desservant ce qui confirme que cette chapelle n&rsquo;avait pas une origine monastique.Nous avons tr\u00e8s peu d\u2019\u00e9l\u00e9ments sur cette chapelle dans les si\u00e8cles qui suivent, si ce n\u2019est la statue de Notre Dame de P\u00e9piole qui daterait du d\u00e9but du XVI\u00b0 si\u00e8cle et t\u00e9moigne de l\u2019influence de la renaissance italienne . 1791 : Comme ailleurs en France,&nbsp; la chapelle est vendue comme bien national\u2026 Une famille des environs cache la statue de Notre Dame de P\u00e9piole pour la soustraire au pillage \u2026et \u00e0 la terreur antireligieuse: Elle sera restitu\u00e9e \u00e0 la chapelle au temps du p\u00e8re Charlier 150 ans plus tard.La chapelle est rachet\u00e9e par les fr\u00e8res Jourdan qui poss\u00e8dent des terres alentour pour qu\u2019elle soit rendue au culte ( 1806) De nombreuses incertitudes demeurent : Il y a pu avoir une premi\u00e8re chapelle dans la \u00ab&nbsp;villa&nbsp;\u00bb de P\u00e9piole au V\u00b0 ou VI\u00b0si\u00e8cle\u2026 Mais c\u2019est une pure hypoth\u00e8se et aucun \u00e9l\u00e9ment ne le confirme\u2026Aucun \u00e9l\u00e9ment non plus pour une \u00e9ventuelle origine monastique&nbsp;: d\u00e8s le XIII\u00b0 si\u00e8cle elle d\u00e9pend de l\u2019\u00e9v\u00eaque de Toulon et non&nbsp; d\u2019une abbaye.Elle n\u2019est pas non plus la chapelle d\u2019un hameau&nbsp;: Autour d\u2019elle et \u00e0 une certaine distance quelques grosses bastides et ce jusqu\u2019au milieu du XX\u00b0si\u00e8cle , et donc une population clairsem\u00e9e. Moins d\u2019une dizaine de familles aux recensements du XVII\u00b0 et du XVIII\u00b0si\u00e8cles.Nous restons donc sur l\u2019hypoth\u00e8se d\u2019une chapelle construite ou reconstruite par une petite communaut\u00e9 de paysans et de possesseurs de domaines aux alentours du XI\u00b0 &nbsp;et XII\u00b0si\u00e8cles.<\/p>\n","protected":false},"author":7,"featured_media":0,"comment_status":"closed","ping_status":"closed","sticky":false,"template":"","format":"standard","meta":{"footnotes":""},"categories":[48],"tags":[49],"class_list":["post-590","post","type-post","status-publish","format-standard","hentry","category-lieux-et-monuments","tag-antiquite"],"_links":{"self":[{"href":"https:\/\/histoire-six-fours.fr\/index.php\/wp-json\/wp\/v2\/posts\/590","targetHints":{"allow":["GET"]}}],"collection":[{"href":"https:\/\/histoire-six-fours.fr\/index.php\/wp-json\/wp\/v2\/posts"}],"about":[{"href":"https:\/\/histoire-six-fours.fr\/index.php\/wp-json\/wp\/v2\/types\/post"}],"author":[{"embeddable":true,"href":"https:\/\/histoire-six-fours.fr\/index.php\/wp-json\/wp\/v2\/users\/7"}],"replies":[{"embeddable":true,"href":"https:\/\/histoire-six-fours.fr\/index.php\/wp-json\/wp\/v2\/comments?post=590"}],"version-history":[{"count":17,"href":"https:\/\/histoire-six-fours.fr\/index.php\/wp-json\/wp\/v2\/posts\/590\/revisions"}],"predecessor-version":[{"id":1245,"href":"https:\/\/histoire-six-fours.fr\/index.php\/wp-json\/wp\/v2\/posts\/590\/revisions\/1245"}],"wp:attachment":[{"href":"https:\/\/histoire-six-fours.fr\/index.php\/wp-json\/wp\/v2\/media?parent=590"}],"wp:term":[{"taxonomy":"category","embeddable":true,"href":"https:\/\/histoire-six-fours.fr\/index.php\/wp-json\/wp\/v2\/categories?post=590"},{"taxonomy":"post_tag","embeddable":true,"href":"https:\/\/histoire-six-fours.fr\/index.php\/wp-json\/wp\/v2\/tags?post=590"}],"curies":[{"name":"wp","href":"https:\/\/api.w.org\/{rel}","templated":true}]}}