{"id":1256,"date":"2025-09-09T11:06:39","date_gmt":"2025-09-09T09:06:39","guid":{"rendered":"https:\/\/histoire-six-fours.fr\/?p=1256"},"modified":"2025-09-10T18:15:49","modified_gmt":"2025-09-10T16:15:49","slug":"journees-du-patrimoine-2025","status":"publish","type":"post","link":"https:\/\/histoire-six-fours.fr\/index.php\/2025\/09\/09\/journees-du-patrimoine-2025\/","title":{"rendered":"Journ\u00e9es du Patrimoine 2025"},"content":{"rendered":"\n<p class=\"has-large-font-size\">Comme chaque ann\u00e9e notre association participe pleinement aux journ\u00e9es du Patrimoine propos\u00e9es dans notre commune.<br><\/p>\n\n\n\n<figure class=\"wp-block-image size-large\"><img loading=\"lazy\" decoding=\"async\" width=\"971\" height=\"1024\" src=\"https:\/\/histoire-six-fours.fr\/wp-content\/uploads\/2025\/09\/journees-patrimoine-2025002-971x1024.jpg\" alt=\"\" class=\"wp-image-1257\" srcset=\"https:\/\/histoire-six-fours.fr\/wp-content\/uploads\/2025\/09\/journees-patrimoine-2025002-971x1024.jpg 971w, https:\/\/histoire-six-fours.fr\/wp-content\/uploads\/2025\/09\/journees-patrimoine-2025002-284x300.jpg 284w, https:\/\/histoire-six-fours.fr\/wp-content\/uploads\/2025\/09\/journees-patrimoine-2025002-768x810.jpg 768w, https:\/\/histoire-six-fours.fr\/wp-content\/uploads\/2025\/09\/journees-patrimoine-2025002-1456x1536.jpg 1456w, https:\/\/histoire-six-fours.fr\/wp-content\/uploads\/2025\/09\/journees-patrimoine-2025002-1942x2048.jpg 1942w, https:\/\/histoire-six-fours.fr\/wp-content\/uploads\/2025\/09\/journees-patrimoine-2025002-1140x1202.jpg 1140w\" sizes=\"auto, (max-width: 971px) 100vw, 971px\" \/><\/figure>\n    <div class=\"masteqr-postwarpper\" id=\"masteqr-wrap69f284c103fd2\"><div style=\"text-align:center\" id=\"masteqr-post69f284c103fd2\" class=\"masteqr-post\"  data-size=\"100\" data-content=\"https:\/\/histoire-six-fours.fr\/wp-json\/wp\/v2\/posts\/1256\"><\/div><div class =\"mqrbtnalign\" style=\"    display: flex;justify-content:center\"><div style=\"width:100px;display:flex;align-items: center;justify-content: center;font-size: small\">\n                <\/div><\/div><\/div>","protected":false},"excerpt":{"rendered":"<p>Comme chaque ann\u00e9e notre association participe pleinement aux journ\u00e9es du Patrimoine propos\u00e9es dans notre commune.<\/p>\n","protected":false},"author":7,"featured_media":0,"comment_status":"closed","ping_status":"","sticky":false,"template":"","format":"standard","meta":{"footnotes":""},"categories":[23,19],"tags":[18,46],"class_list":["post-1256","post","type-post","status-publish","format-standard","hentry","category-conferences-et-evenements","category-decouvrir","tag-evenement","tag-moyen-age"],"_links":{"self":[{"href":"https:\/\/histoire-six-fours.fr\/index.php\/wp-json\/wp\/v2\/posts\/1256","targetHints":{"allow":["GET"]}}],"collection":[{"href":"https:\/\/histoire-six-fours.fr\/index.php\/wp-json\/wp\/v2\/posts"}],"about":[{"href":"https:\/\/histoire-six-fours.fr\/index.php\/wp-json\/wp\/v2\/types\/post"}],"author":[{"embeddable":true,"href":"https:\/\/histoire-six-fours.fr\/index.php\/wp-json\/wp\/v2\/users\/7"}],"replies":[{"embeddable":true,"href":"https:\/\/histoire-six-fours.fr\/index.php\/wp-json\/wp\/v2\/comments?post=1256"}],"version-history":[{"count":4,"href":"https:\/\/histoire-six-fours.fr\/index.php\/wp-json\/wp\/v2\/posts\/1256\/revisions"}],"predecessor-version":[{"id":1262,"href":"https:\/\/histoire-six-fours.fr\/index.php\/wp-json\/wp\/v2\/posts\/1256\/revisions\/1262"}],"wp:attachment":[{"href":"https:\/\/histoire-six-fours.fr\/index.php\/wp-json\/wp\/v2\/media?parent=1256"}],"wp:term":[{"taxonomy":"category","embeddable":true,"href":"https:\/\/histoire-six-fours.fr\/index.php\/wp-json\/wp\/v2\/categories?post=1256"},{"taxonomy":"post_tag","embeddable":true,"href":"https:\/\/histoire-six-fours.fr\/index.php\/wp-json\/wp\/v2\/tags?post=1256"}],"curies":[{"name":"wp","href":"https:\/\/api.w.org\/{rel}","templated":true}]}}