{"id":1149,"date":"2024-10-30T12:10:27","date_gmt":"2024-10-30T11:10:27","guid":{"rendered":"https:\/\/histoire-six-fours.fr\/?p=1149"},"modified":"2024-10-30T12:13:52","modified_gmt":"2024-10-30T11:13:52","slug":"exposition-80e-anniversaire-de-la-liberation-de-six-fours-les-plages-25-aout-1944","status":"publish","type":"post","link":"https:\/\/histoire-six-fours.fr\/index.php\/2024\/10\/30\/exposition-80e-anniversaire-de-la-liberation-de-six-fours-les-plages-25-aout-1944\/","title":{"rendered":"Exposition en ligne \u00ab\u00a080e Anniversaire de la Lib\u00e9ration de Six-Fours-les-Plages\u00a0\u00bb (25 ao\u00fbt 1944)"},"content":{"rendered":"\n<p>A l&rsquo;occasion du 80e anniversaire de la lib\u00e9ration de Six-Fours, l&rsquo;association a r\u00e9alis\u00e9 avec l&rsquo;aide de la Mairie une exposition comm\u00e9morative d&rsquo;une vingtaine de panneaux p\u00e9dagogiques, illustr\u00e9s de nombreuses photographies. <\/p>\n\n\n\n<p>Retrouvez ci-dessous th\u00e8me par th\u00e8me en PDF l&rsquo;ensemble des panneaux pr\u00e9sent\u00e9s \u00e0 l&rsquo;\u00e9t\u00e9 et l&rsquo;automne 2024 Esplanade de la Lib\u00e9ration (Reynier), puis dans divers lieux de Six-Fours. <\/p>\n\n\n\n<ul class=\"wp-block-list\">\n<li><a href=\"\/wp-content\/uploads\/2024\/10\/panneau-presentation-2024-80ans.pdf\" data-type=\"link\" data-id=\"\/wp-content\/uploads\/2024\/10\/panneau-presentation-2024-80ans.pdf\">L&rsquo;Exposition des 80 ans<\/a> : pr\u00e9sentation et cr\u00e9dits<\/li>\n\n\n\n<li><strong>Quatre Trajectoires dans la tourmente <\/strong>\n<ul class=\"wp-block-list\">\n<li><a href=\"\/wp-content\/uploads\/2024\/10\/panneau_JEAN-ROBERT.pdf\" data-type=\"link\" data-id=\"\/wp-content\/uploads\/2024\/10\/panneau_JEAN-ROBERT.pdf\">Le Capitaine Jean Robert<\/a> : un Six-Fournais mort au combat lors de la campagne de mai-juin 1940<\/li>\n\n\n\n<li><a href=\"\/wp-content\/uploads\/2024\/10\/panneau_julians.pdf\" data-type=\"link\" data-id=\"\/wp-content\/uploads\/2024\/10\/panneau_julians.pdf\">Claude Julians (1926-2018)<\/a> : un Six-Fournais engag\u00e9 dans les combats de la lib\u00e9ration de la France, de la R\u00e9sistance \u00e0 la 1e Arm\u00e9e Fran\u00e7aise<\/li>\n\n\n\n<li><a href=\"\/wp-content\/uploads\/2024\/10\/panneau_Marius-sicard.pdf\" data-type=\"link\" data-id=\"\/wp-content\/uploads\/2024\/10\/panneau_Marius-sicard.pdf\">Marius Sicard de 1940 \u00e0 1945<\/a> : prisonnier de guerre et intern\u00e9 politique<\/li>\n\n\n\n<li><a href=\"\/wp-content\/uploads\/2024\/10\/panneau_Major-Robinson.pdf\" data-type=\"link\" data-id=\"\/wp-content\/uploads\/2024\/10\/panneau_Major-Robinson.pdf\">Major Franklin L. Robinson (1918 \u2013 1944)<\/a> : \u00ab\u00a0Il vint de loin, donner sa vie pour sauvegarder la n\u00f4tre.\u00a0\u00bb<\/li>\n<\/ul>\n<\/li>\n\n\n\n<li><strong>De l&rsquo;Occupation \u00e0 la Lib\u00e9ration<\/strong> \n<ul class=\"wp-block-list\">\n<li><a href=\"\/wp-content\/uploads\/2024\/10\/Panneaux-liberation-SF.pdf\">La Lib\u00e9ration de l\u2019Ouest toulonnais et de Six-Fours-la-Plage<\/a><\/li>\n\n\n\n<li><a href=\"\/wp-content\/uploads\/2024\/10\/panneau_Retour_a_la_legalite.pdf\" data-type=\"link\" data-id=\"\/wp-content\/uploads\/2024\/10\/panneau_Retour_a_la_legalite.pdf\">Le Retour progressif \u00e0 la l\u00e9galit\u00e9 r\u00e9publicaine \u00e0 Six-Fours au lendemain de la Lib\u00e9ration<\/a><\/li>\n\n\n\n<li><a href=\"\/wp-content\/uploads\/2024\/10\/panneau-labo_Brusc.pdf\" data-type=\"link\" data-id=\"\/wp-content\/uploads\/2024\/10\/panneau-labo_Brusc.pdf\">Vers la cr\u00e9ation du laboratoire de d\u00e9tection sous-marine au Brusc<\/a><\/li>\n\n\n\n<li><a href=\"\/wp-content\/uploads\/2024\/10\/panneau-victimes-civiles-et-militaires.pdf\" data-type=\"link\" data-id=\"\/wp-content\/uploads\/2024\/10\/panneau-victimes-civiles-et-militaires.pdf\">Des Six-Fournais profond\u00e9ment meurtris<\/a> : victimes civiles et militaires de 1939 \u00e0 1945<\/li>\n\n\n\n<li><a href=\"\/wp-content\/uploads\/2024\/10\/panneau_prisonniers_Deportes_STO.pdf\">Prisonniers de guerre et victimes du travail forc\u00e9 en Allemagne<\/a> <\/li>\n\n\n\n<li><a href=\"\/wp-content\/uploads\/2024\/10\/FONDS-MEUREY-panneau-2024.pdf\" data-type=\"link\" data-id=\"\/wp-content\/uploads\/2024\/10\/FONDS-MEUREY-panneau-2024.pdf\">Des Quartiers six-fournais totalement d\u00e9truits<\/a> : les photographies de Jules Meurey, photographe \u00e0 Six-Fours de 1933 aux ann\u00e9es 50<\/li>\n<\/ul>\n<\/li>\n<\/ul>\n\n\n\n<p><\/p>\n    <div class=\"masteqr-postwarpper\" id=\"masteqr-wrap69f3190482bd1\"><div style=\"text-align:center\" id=\"masteqr-post69f3190482bd1\" class=\"masteqr-post\"  data-size=\"100\" data-content=\"https:\/\/histoire-six-fours.fr\/wp-json\/wp\/v2\/posts\/1149\"><\/div><div class =\"mqrbtnalign\" style=\"    display: flex;justify-content:center\"><div style=\"width:100px;display:flex;align-items: center;justify-content: center;font-size: small\">\n                <\/div><\/div><\/div>","protected":false},"excerpt":{"rendered":"<p>A l&rsquo;occasion du 80e anniversaire de la lib\u00e9ration de Six-Fours, l&rsquo;association a r\u00e9alis\u00e9 avec l&rsquo;aide de la Mairie une exposition comm\u00e9morative d&rsquo;une vingtaine de panneaux p\u00e9dagogiques, illustr\u00e9s de nombreuses photographies. Retrouvez ci-dessous th\u00e8me par th\u00e8me en PDF l&rsquo;ensemble des panneaux pr\u00e9sent\u00e9s \u00e0 l&rsquo;\u00e9t\u00e9 et l&rsquo;automne 2024 Esplanade de la Lib\u00e9ration (Reynier), puis dans divers lieux de Six-Fours.<\/p>\n","protected":false},"author":1,"featured_media":0,"comment_status":"closed","ping_status":"closed","sticky":false,"template":"","format":"standard","meta":{"footnotes":""},"categories":[24],"tags":[56,45],"class_list":["post-1149","post","type-post","status-publish","format-standard","hentry","category-expositions","tag-liberation","tag-seconde-guerre-mondiale"],"_links":{"self":[{"href":"https:\/\/histoire-six-fours.fr\/index.php\/wp-json\/wp\/v2\/posts\/1149","targetHints":{"allow":["GET"]}}],"collection":[{"href":"https:\/\/histoire-six-fours.fr\/index.php\/wp-json\/wp\/v2\/posts"}],"about":[{"href":"https:\/\/histoire-six-fours.fr\/index.php\/wp-json\/wp\/v2\/types\/post"}],"author":[{"embeddable":true,"href":"https:\/\/histoire-six-fours.fr\/index.php\/wp-json\/wp\/v2\/users\/1"}],"replies":[{"embeddable":true,"href":"https:\/\/histoire-six-fours.fr\/index.php\/wp-json\/wp\/v2\/comments?post=1149"}],"version-history":[{"count":4,"href":"https:\/\/histoire-six-fours.fr\/index.php\/wp-json\/wp\/v2\/posts\/1149\/revisions"}],"predecessor-version":[{"id":1166,"href":"https:\/\/histoire-six-fours.fr\/index.php\/wp-json\/wp\/v2\/posts\/1149\/revisions\/1166"}],"wp:attachment":[{"href":"https:\/\/histoire-six-fours.fr\/index.php\/wp-json\/wp\/v2\/media?parent=1149"}],"wp:term":[{"taxonomy":"category","embeddable":true,"href":"https:\/\/histoire-six-fours.fr\/index.php\/wp-json\/wp\/v2\/categories?post=1149"},{"taxonomy":"post_tag","embeddable":true,"href":"https:\/\/histoire-six-fours.fr\/index.php\/wp-json\/wp\/v2\/tags?post=1149"}],"curies":[{"name":"wp","href":"https:\/\/api.w.org\/{rel}","templated":true}]}}