{"id":1075,"date":"2023-11-01T19:57:53","date_gmt":"2023-11-01T18:57:53","guid":{"rendered":"https:\/\/histoire-six-fours.fr\/?p=1075"},"modified":"2024-01-29T19:05:16","modified_gmt":"2024-01-29T18:05:16","slug":"decouvrir-la-collegiale-saint-pierre","status":"publish","type":"post","link":"https:\/\/histoire-six-fours.fr\/index.php\/2023\/11\/01\/decouvrir-la-collegiale-saint-pierre\/","title":{"rendered":"D\u00e9couvrir la Coll\u00e9giale Saint-Pierre."},"content":{"rendered":"<div class=\"wp-block-image\">\n<figure class=\"aligncenter size-full\"><img loading=\"lazy\" decoding=\"async\" width=\"500\" height=\"333\" src=\"https:\/\/histoire-six-fours.fr\/wp-content\/uploads\/2023\/11\/Copie-GVal1039-1.jpg\" alt=\"\" class=\"wp-image-1077\" srcset=\"https:\/\/histoire-six-fours.fr\/wp-content\/uploads\/2023\/11\/Copie-GVal1039-1.jpg 500w, https:\/\/histoire-six-fours.fr\/wp-content\/uploads\/2023\/11\/Copie-GVal1039-1-300x200.jpg 300w\" sizes=\"auto, (max-width: 500px) 100vw, 500px\" \/><figcaption class=\"wp-element-caption\">         <em>La Coll\u00e9giale Saint Pierre , photo Amis du Patrimoine<\/em><\/figcaption><\/figure>\n<\/div>\n\n\n<p><\/p>\n\n\n\n<p class=\"has-medium-font-size\"><strong>La Coll\u00e9giale Saint-Pierre, monument historique, domine la plaine depuis la colline o\u00f9 elle si\u00e8ge sur le c\u00f4t\u00e9 &nbsp;du fort de Six Fours.<\/strong><\/p>\n\n\n\n<p class=\"has-medium-font-size\">Ce fort , construit \u00e0 partir de 1875 prit la place de l\u2019ancien village m\u00e9di\u00e9val, alors en ruines : Au centre du vieux village on voyait encore \u00e0 l\u2019\u00e9poque les murs de l\u2019ancien ch\u00e2teau, une tour surmont\u00e9e d\u2019un s\u00e9maphore et l\u2019\u00e9glise sainte Marie de la Courtine.<br>A l\u2019est de l\u2019enceinte m\u00e9di\u00e9vale, hors des murs, la Coll\u00e9giale \u00e9tait entour\u00e9e des quelques maisons encore habit\u00e9e\u2026 Elles seront d\u00e9truites peu apr\u00e8s la seconde guerre mondiale<\/p>\n\n\n\n<figure class=\"wp-block-image size-large\"><img loading=\"lazy\" decoding=\"async\" width=\"1024\" height=\"286\" src=\"https:\/\/histoire-six-fours.fr\/wp-content\/uploads\/2023\/11\/vx-village-detail-1-1024x286.jpg\" alt=\"\" class=\"wp-image-1078\" srcset=\"https:\/\/histoire-six-fours.fr\/wp-content\/uploads\/2023\/11\/vx-village-detail-1-1024x286.jpg 1024w, https:\/\/histoire-six-fours.fr\/wp-content\/uploads\/2023\/11\/vx-village-detail-1-300x84.jpg 300w, https:\/\/histoire-six-fours.fr\/wp-content\/uploads\/2023\/11\/vx-village-detail-1-768x215.jpg 768w, https:\/\/histoire-six-fours.fr\/wp-content\/uploads\/2023\/11\/vx-village-detail-1-1536x429.jpg 1536w, https:\/\/histoire-six-fours.fr\/wp-content\/uploads\/2023\/11\/vx-village-detail-1-1140x318.jpg 1140w, https:\/\/histoire-six-fours.fr\/wp-content\/uploads\/2023\/11\/vx-village-detail-1.jpg 1618w\" sizes=\"auto, (max-width: 1024px) 100vw, 1024px\" \/><\/figure>\n\n\n\n<p><\/p>\n\n\n\n<h2 class=\"wp-block-heading\">P\u00e9n\u00e9trons dans la Coll\u00e9giale<\/h2>\n\n\n\n<p><br>Vous entrez par une petite porte de style roman (arc en plein cintre surmont\u00e9 d\u2019une moulure en om\u00e9ga .<\/p>\n\n\n\n<p><\/p>\n\n\n<div class=\"wp-block-image\">\n<figure class=\"aligncenter size-full is-resized\"><img loading=\"lazy\" decoding=\"async\" width=\"1000\" height=\"667\" src=\"https:\/\/histoire-six-fours.fr\/wp-content\/uploads\/2023\/11\/GVal-entree1041.jpg\" alt=\"\" class=\"wp-image-1080\" style=\"aspect-ratio:1.4992503748125936;width:288px;height:auto\" srcset=\"https:\/\/histoire-six-fours.fr\/wp-content\/uploads\/2023\/11\/GVal-entree1041.jpg 1000w, https:\/\/histoire-six-fours.fr\/wp-content\/uploads\/2023\/11\/GVal-entree1041-300x200.jpg 300w, https:\/\/histoire-six-fours.fr\/wp-content\/uploads\/2023\/11\/GVal-entree1041-768x512.jpg 768w\" sizes=\"auto, (max-width: 1000px) 100vw, 1000px\" \/><\/figure>\n<\/div>\n\n\n<p>Face \u00e0 vous l\u2019\u00e9glise de style gothique \u00e0 gauche      et \u00e0 droite, l\u2019\u00e9glise romane.<\/p>\n\n\n<div class=\"wp-block-image\">\n<figure class=\"aligncenter size-large\"><img loading=\"lazy\" decoding=\"async\" width=\"1024\" height=\"377\" src=\"https:\/\/histoire-six-fours.fr\/wp-content\/uploads\/2023\/11\/GV-2-nefs-1024x377.jpg\" alt=\"\" class=\"wp-image-1081\" srcset=\"https:\/\/histoire-six-fours.fr\/wp-content\/uploads\/2023\/11\/GV-2-nefs-1024x377.jpg 1024w, https:\/\/histoire-six-fours.fr\/wp-content\/uploads\/2023\/11\/GV-2-nefs-300x110.jpg 300w, https:\/\/histoire-six-fours.fr\/wp-content\/uploads\/2023\/11\/GV-2-nefs-768x283.jpg 768w, https:\/\/histoire-six-fours.fr\/wp-content\/uploads\/2023\/11\/GV-2-nefs-1536x565.jpg 1536w, https:\/\/histoire-six-fours.fr\/wp-content\/uploads\/2023\/11\/GV-2-nefs-1140x420.jpg 1140w, https:\/\/histoire-six-fours.fr\/wp-content\/uploads\/2023\/11\/GV-2-nefs.jpg 2000w\" sizes=\"auto, (max-width: 1024px) 100vw, 1024px\" \/><\/figure>\n<\/div>\n\n\n<p>En effet \u00e0 l\u2019\u00e9glise romane (probablement du XIII<sup>e <\/sup>si\u00e8cle) s\u2019est ajout\u00e9e une construction n\u00e9o-gothique plus importante et &nbsp;perpendiculaire \u00e0 l\u2019\u00e9glise primitive, construite sur les plans de l\u2019architecte marseillais Borelli au d\u00e9but du XVII<sup>e <\/sup>si\u00e8cle( 1608-1614) .<br>Cette implantation en perpendiculaire peut s\u2019expliquer par la configuration du terrain\u2026Une forte d\u00e9clivit\u00e9 \u00e0 l\u2019Est et la pr\u00e9sence du village \u00e0 l\u2019Ouest obligeait l\u2019agrandissement \u00e0 se faire vers le Nord, en d\u00e9truisant la construction qui s\u2019y trouvait.&nbsp; A noter que la cath\u00e9drale de Toulon a subi le m\u00eame type d\u2019agrandissement en perpendiculaire quarante ans plus tard ( 1654).<br>Le projet d\u2019agrandissement, port\u00e9 par le conseil de la Communaut\u00e9 ( nom donn\u00e9 au conseil communal de l\u2019\u00e9poque) avait vu dans un premier temps l\u2019opposition de l\u2019Abbaye de Saint Victor seigneur de Six-Fours \u00e0 qui il \u00e9tait demand\u00e9 de participer financi\u00e8rement aux travaux.( Archives municipales novembre 1607)<\/p>\n\n\n<div class=\"wp-block-image\">\n<figure class=\"aligncenter size-full is-resized\"><img loading=\"lazy\" decoding=\"async\" width=\"680\" height=\"843\" src=\"https:\/\/histoire-six-fours.fr\/wp-content\/uploads\/2023\/11\/plan-collegiale.jpg\" alt=\"\" class=\"wp-image-1082\" style=\"aspect-ratio:0.8066429418742586;width:311px;height:auto\" srcset=\"https:\/\/histoire-six-fours.fr\/wp-content\/uploads\/2023\/11\/plan-collegiale.jpg 680w, https:\/\/histoire-six-fours.fr\/wp-content\/uploads\/2023\/11\/plan-collegiale-242x300.jpg 242w\" sizes=\"auto, (max-width: 680px) 100vw, 680px\" \/><\/figure>\n<\/div>\n\n\n<p>Le 3 juin 1634, l\u2019\u00e9glise ainsi agrandie, a re\u00e7u la cons\u00e9cration de Monseigneur Auguste Forbin de Solli\u00e9s, \u00e9v\u00eaque de Toulon. L&rsquo;\u00e9glise&nbsp; fut &nbsp;ensuite \u00e9rig\u00e9e en coll\u00e9giale le 19 novembre 1648 par le cardinal de Lyon, Antoine de Richelieu, et confirm\u00e9e en 1654 par une bulle du pape&nbsp; Innocent X. Le coll\u00e8ge comprenait 11 chanoines et un doyen, ce qui met en \u00e9vidence l&rsquo;importance du village \u00e0 cette \u00e9poque.<br>&nbsp;La coll\u00e9giale a \u00e9t\u00e9 class\u00e9e \u00ab\u00a0monument historique\u00a0\u00bb en 1840 par Prosper M\u00e9rim\u00e9e.<br> La f\u00eate votive de saint-Pierre continue \u00e0 \u00eatre c\u00e9l\u00e9br\u00e9e le premier dimanche d&rsquo;ao\u00fbt. Elle fait suite \u00e0 la gu\u00e9rison miraculeuse d&rsquo;un enfant d&rsquo;Ollioules en 1655, et \u00e0 la d\u00e9votion perp\u00e9tuelle&nbsp; que ses descendants continuent \u00e0 lui consacrer.<\/p>\n\n\n\n<h2 class=\"wp-block-heading\">De quand peut dater la partie romane de la Coll\u00e9giale?<\/h2>\n\n\n\n<figure class=\"wp-block-image size-large\"><img loading=\"lazy\" decoding=\"async\" width=\"1024\" height=\"683\" src=\"https:\/\/histoire-six-fours.fr\/wp-content\/uploads\/2023\/11\/GV-voute-ste-cath1050-1024x683.jpg\" alt=\"\" class=\"wp-image-1083\" srcset=\"https:\/\/histoire-six-fours.fr\/wp-content\/uploads\/2023\/11\/GV-voute-ste-cath1050-1024x683.jpg 1024w, https:\/\/histoire-six-fours.fr\/wp-content\/uploads\/2023\/11\/GV-voute-ste-cath1050-300x200.jpg 300w, https:\/\/histoire-six-fours.fr\/wp-content\/uploads\/2023\/11\/GV-voute-ste-cath1050-768x512.jpg 768w, https:\/\/histoire-six-fours.fr\/wp-content\/uploads\/2023\/11\/GV-voute-ste-cath1050-1140x760.jpg 1140w, https:\/\/histoire-six-fours.fr\/wp-content\/uploads\/2023\/11\/GV-voute-ste-cath1050.jpg 1200w\" sizes=\"auto, (max-width: 1024px) 100vw, 1024px\" \/><figcaption class=\"wp-element-caption\"><em>Voute de la chapelle sainte Catherine , photo Amis du Patrimoine<\/em>.<\/figcaption><\/figure>\n\n\n\n<p>Cette partie de l\u2019\u00e9difice appartient manifestement au roman tardif (XII<sup>e<\/sup>\/XIV<sup>e<\/sup> si\u00e8cle)&nbsp;.<br>L\u2019appareil des murs&nbsp;montre peu de joints mais un ajustement de pierres de taille de petites tailles, appareil proche de celui des abbayes cisterciennes de la r\u00e9gion( XII\u00b0-d\u00e9but XIII\u00b0 si\u00e8cle). Elle a \u00e9t\u00e9 construite selon deux des unit\u00e9s de longueur de l\u2019\u00e9poque : la coud\u00e9e de 49 cm et le pied de 30,284 cm, unit\u00e9s qui ont \u00e9t\u00e9 utilis\u00e9es au XII\u00b0 et XIII\u00b0 si\u00e8cles en particulier dans les \u00e9glises des abbayes de l\u2019ordre de Chalais. Les derni\u00e8res \u00e9tudes semblent indiquer que son plan&nbsp; rel\u00e8verait de la \u00ab Suite de Fibonacci \u00bb un syst\u00e8me \u00e9tabli au d\u00e9but du XIII<sup>e<\/sup> par ce math\u00e9maticien italien. &nbsp;<br>L\u2019ensemble de ces donn\u00e9es conforteraient l\u2019hypoth\u00e8se d\u2019une datation au d\u00e9but du XIII<sup>e<\/sup> si\u00e8cle.<br><\/p>\n\n\n<div class=\"wp-block-image\">\n<figure class=\"aligncenter size-full is-resized\"><img loading=\"lazy\" decoding=\"async\" width=\"1000\" height=\"667\" src=\"https:\/\/histoire-six-fours.fr\/wp-content\/uploads\/2023\/11\/GV-Choeur1045.jpg\" alt=\"\" class=\"wp-image-1084\" style=\"aspect-ratio:1.4992503748125936;width:625px;height:auto\" srcset=\"https:\/\/histoire-six-fours.fr\/wp-content\/uploads\/2023\/11\/GV-Choeur1045.jpg 1000w, https:\/\/histoire-six-fours.fr\/wp-content\/uploads\/2023\/11\/GV-Choeur1045-300x200.jpg 300w, https:\/\/histoire-six-fours.fr\/wp-content\/uploads\/2023\/11\/GV-Choeur1045-768x512.jpg 768w\" sizes=\"auto, (max-width: 1000px) 100vw, 1000px\" \/><\/figure>\n<\/div>\n\n\n<p>En vous pla\u00e7ant face au transept, vous pouvez admirer l\u2019harmonie de l\u2019architecture avec son &nbsp;ch\u0153ur \u00e0 chevet plat , type de ch\u0153ur que l\u2019on retrouve dans les abbayes de l\u2019ordre de Chalais et dans certaines abbayes cisterciennes.<br>La construction du clocher plus tardive a provoqu\u00e9 l\u2019obstruction de l\u2019oculus qui per\u00e7ait le chevet central.. Une baie a \u00e9t\u00e9 alors ouverte sur son cot\u00e9 d\u2019o\u00f9 cet aspect dissym\u00e9trique.<br>A noter aussi la beaut\u00e9 et la simplicit\u00e9 des vo\u00fbtes et des arcs parall\u00e8les.<\/p>\n\n\n\n<h2 class=\"wp-block-heading\">Y a-t-il eu une premi\u00e8re \u00e9glise avant cette construction?<\/h2>\n\n\n\n<p>D\u00e8s 1962, les membres de l&rsquo;association fond\u00e9e par Fran\u00e7ois Jouglas, d\u00e9sirant rendre vie \u00e0 cet \u00e9difice, commenc\u00e8rent sa restauration et entreprirent&nbsp; des fouilles, dont il faut les remercier.<br>A gauche de l\u2019entr\u00e9e vous pouvez voir la cuve baptismale&nbsp; qu\u2019ils ont ainsi reconstitu\u00e9 \u00e0 partir de vestiges trouv\u00e9s sous le dallage et derri\u00e8re l\u2019autel des traces de fondation pouvant \u00e9voquer une premi\u00e8re abside m\u00e9di\u00e9vale. Y aurait il eu une premi\u00e8re \u00e9glise au XI\u00b0-XII\u00b0 si\u00e8cle&nbsp;? Les \u00e9l\u00e9ments manquent pour le confirmer&#8230;<br>Fran\u00e7ois Jouglas a \u00e9mis l\u2019hypoth\u00e8se d&rsquo;un baptist\u00e8re du V<sup>e<\/sup> ou VI<sup>e <\/sup>si\u00e8cle mais les \u00e9l\u00e9ments arch\u00e9ologiques ou historiques manquent pour conforter cette hypoth\u00e8se.<br>Vous apercevrez, de part et d&rsquo;autre de l&rsquo;entr\u00e9e, une pierre tombale calcaire dat\u00e9e de 368 (CCCLXVIII) et une inscription de 364 (CCCLXIIII) au d\u00e9but du mur droit de l\u2019abside. Ces inscriptions, h\u00e9las, sont des faux, certainement r\u00e9alis\u00e9s au XIX<sup>e<\/sup> si\u00e8cle&nbsp; par l&rsquo;abb\u00e9 Garrel, cur\u00e9 de la paroisse : le calendrier chr\u00e9tien, en effet, n&rsquo;a \u00e9t\u00e9 \u00e9tabli par le moine Denys le Petit que trois si\u00e8cles plus tard.&nbsp;<br><br><br><\/p>\n\n\n\n<h2 class=\"wp-block-heading\">Une part d&rsquo;inconnu demeure sur les origines de ce monument&#8230;<\/h2>\n\n\n\n<p>Au Moyen Age, jusqu\u2019au milieu du XII<sup>e <\/sup>si\u00e8cle, Six-Fours&nbsp; \u00e9tait, en partie, une d\u00e9pendance de l\u2019abbaye de Montmajour d\u2019Arles qui sera \u00e9vinc\u00e9e ensuite par l\u2019abbaye Saint-Victor de Marseille. Saint Victor devient l\u2019unique seigneur de Six-Fours en 1156. Mais dans leurs chartes, on ne trouve jamais le nom de l\u2019\u00e9glise Saint -Pierre alors que l\u2019\u00e9glise Notre Dame situ\u00e9e au centre du village est mentionn\u00e9e. &nbsp;La bulle papale de 1113 qui \u00e9num\u00e8re les \u00e9glises d\u00e9pendant de l\u2019abbaye Saint Victor ne mentionne pas non plus l\u2019\u00e9glise saint Pierre.&nbsp;: \u00e0 qui donc attribuer, \u00e0 cette \u00e9poque, la construction et la d\u00e9pendance de notre \u00e9glise ? Les recherches en cours laissent entrevoir des possibles rapprochements avec l\u2019ordre de Chalais (Boscodon, Lure) ordre monastique li\u00e9 \u00e0 l\u2019ordre cistercien.<\/p>\n\n\n\n<h2 class=\"wp-block-heading\">La Coll\u00e9giale: Un petit mus\u00e9e.<\/h2>\n\n\n\n<p>Six-Fours a compt\u00e9 jusqu&rsquo;\u00e0 vingt-deux monuments religieux dont la moiti\u00e9 a disparu au XIX<sup>e<\/sup> si\u00e8cle. Aux cours de ces d\u00e9molitions, la coll\u00e9giale Saint-Pierre a recueilli certains tableaux qui se trouvaient dans ces \u00e9glises. Les \u0153uvres d&rsquo;art se sont ainsi accumul\u00e9es dans la coll\u00e9giale, des tableaux&nbsp; \u00e0 caract\u00e8re religieux, tr\u00e8s repr\u00e9sentatifs du&nbsp;XVI au XIX<sup>e <\/sup>si\u00e8cle,&nbsp; lui donnant un petit air de mus\u00e9e.<\/p>\n\n\n<div class=\"wp-block-image\">\n<figure class=\"aligncenter size-large is-resized\"><img loading=\"lazy\" decoding=\"async\" width=\"794\" height=\"1024\" src=\"https:\/\/histoire-six-fours.fr\/wp-content\/uploads\/2023\/11\/GV-Polypt-Brea-OK1060-794x1024.jpg\" alt=\"\" class=\"wp-image-1085\" style=\"aspect-ratio:0.7751937984496124;width:642px;height:auto\" srcset=\"https:\/\/histoire-six-fours.fr\/wp-content\/uploads\/2023\/11\/GV-Polypt-Brea-OK1060-794x1024.jpg 794w, https:\/\/histoire-six-fours.fr\/wp-content\/uploads\/2023\/11\/GV-Polypt-Brea-OK1060-233x300.jpg 233w, https:\/\/histoire-six-fours.fr\/wp-content\/uploads\/2023\/11\/GV-Polypt-Brea-OK1060-768x991.jpg 768w, https:\/\/histoire-six-fours.fr\/wp-content\/uploads\/2023\/11\/GV-Polypt-Brea-OK1060-1191x1536.jpg 1191w, https:\/\/histoire-six-fours.fr\/wp-content\/uploads\/2023\/11\/GV-Polypt-Brea-OK1060-1140x1471.jpg 1140w, https:\/\/histoire-six-fours.fr\/wp-content\/uploads\/2023\/11\/GV-Polypt-Brea-OK1060.jpg 1500w\" sizes=\"auto, (max-width: 794px) 100vw, 794px\" \/><\/figure>\n<\/div>\n\n\n<p>Vous d\u00e9couvrirez,&nbsp; entre autres, le plus c\u00e9l\u00e8bre d&rsquo;entre eux, le polyptyque sur bois&nbsp; dit \u00ab\u00a0<em>de la Vierge Marie<\/em>, de Louis Brea,(1520\/1523 ?) , class\u00e9&nbsp; \u00ab\u00a0monument historique\u00a0\u00bb en 1898 et tr\u00e8s r\u00e9cemment restaur\u00e9. L\u2019attribution de ce polyptique \u00e0 Louis Brea se justifie par sa forte ressemblance avec un polyptique de ce dernier visible dans l\u2019\u00e9glise des Arcs de Provence.<\/p>\n\n\n\n<figure class=\"wp-block-image size-large\"><img loading=\"lazy\" decoding=\"async\" width=\"954\" height=\"1024\" src=\"https:\/\/histoire-six-fours.fr\/wp-content\/uploads\/2023\/11\/GV-st-clair1062-954x1024.jpg\" alt=\"\" class=\"wp-image-1086\" srcset=\"https:\/\/histoire-six-fours.fr\/wp-content\/uploads\/2023\/11\/GV-st-clair1062-954x1024.jpg 954w, https:\/\/histoire-six-fours.fr\/wp-content\/uploads\/2023\/11\/GV-st-clair1062-280x300.jpg 280w, https:\/\/histoire-six-fours.fr\/wp-content\/uploads\/2023\/11\/GV-st-clair1062-768x824.jpg 768w, https:\/\/histoire-six-fours.fr\/wp-content\/uploads\/2023\/11\/GV-st-clair1062-1140x1224.jpg 1140w, https:\/\/histoire-six-fours.fr\/wp-content\/uploads\/2023\/11\/GV-st-clair1062.jpg 1200w\" sizes=\"auto, (max-width: 954px) 100vw, 954px\" \/><\/figure>\n\n\n\n<p>Ne manquez pas non plus le triptyque <em>Saint-Clair\u2019<\/em>, le plus ancien tableau de la coll\u00e9giale (1490\/1510 ?) sans doute d\u00fb au peintre italien&nbsp; Bernardini Simondi.<\/p>\n\n\n\n<p>Parmi les nombreuses autres \u0153uvres d\u2019art, la \u00ab\u00a0<em>Descente de Croix\u00a0\u00bb<\/em> de Stellaert (1604) et aussi deux tableaux de Guillaume Gr\u00e8ve&nbsp;:&nbsp;la \u00ab\u00a0<em>Remise des cl\u00e9s \u00e0 saint Pierre<\/em>\u00a0\u00bb &nbsp;au dessus du grand autel (1622) et <em>\u00ab&nbsp;la fuite en Egypte.&nbsp;\u00bb.<\/em><\/p>\n\n\n\n<p>Article  Antoine Peretti\/ G\u00e9rard Valentin<\/p>\n    <div class=\"masteqr-postwarpper\" id=\"masteqr-wrap69f2f33eb2824\"><div style=\"text-align:center\" id=\"masteqr-post69f2f33eb2824\" class=\"masteqr-post\"  data-size=\"100\" data-content=\"https:\/\/histoire-six-fours.fr\/wp-json\/wp\/v2\/posts\/1075\"><\/div><div class =\"mqrbtnalign\" style=\"    display: flex;justify-content:center\"><div style=\"width:100px;display:flex;align-items: center;justify-content: center;font-size: small\">\n                <\/div><\/div><\/div>","protected":false},"excerpt":{"rendered":"<p>La Coll\u00e9giale Saint-Pierre, monument historique, domine la plaine depuis la colline o\u00f9 elle si\u00e8ge sur le c\u00f4t\u00e9 &nbsp;du fort de Six Fours. Ce fort , construit \u00e0 partir de 1875 prit la place de l\u2019ancien village m\u00e9di\u00e9val, alors en ruines : Au centre du vieux village on voyait encore \u00e0 l\u2019\u00e9poque les murs de l\u2019ancien ch\u00e2teau, une tour surmont\u00e9e d\u2019un s\u00e9maphore et l\u2019\u00e9glise sainte Marie de la Courtine.A l\u2019est de l\u2019enceinte m\u00e9di\u00e9vale, hors des murs, la Coll\u00e9giale \u00e9tait entour\u00e9e des quelques maisons encore habit\u00e9e\u2026 Elles seront d\u00e9truites peu apr\u00e8s la seconde guerre mondiale P\u00e9n\u00e9trons dans la Coll\u00e9giale Vous entrez par une petite porte de style roman (arc en plein cintre surmont\u00e9 d\u2019une moulure en om\u00e9ga . Face \u00e0 vous l\u2019\u00e9glise de style gothique \u00e0 gauche et \u00e0 droite, l\u2019\u00e9glise romane. En effet \u00e0 l\u2019\u00e9glise romane (probablement du XIIIe si\u00e8cle) s\u2019est ajout\u00e9e une construction n\u00e9o-gothique plus importante et &nbsp;perpendiculaire \u00e0 l\u2019\u00e9glise primitive, construite sur les plans de l\u2019architecte marseillais Borelli au d\u00e9but du XVIIe si\u00e8cle( 1608-1614) .Cette implantation en perpendiculaire peut s\u2019expliquer par la configuration du terrain\u2026Une forte d\u00e9clivit\u00e9 \u00e0 l\u2019Est et la pr\u00e9sence du village \u00e0 l\u2019Ouest obligeait l\u2019agrandissement \u00e0 se faire vers le Nord, en d\u00e9truisant la construction qui s\u2019y trouvait.&nbsp; A noter que la cath\u00e9drale de Toulon a subi le m\u00eame type d\u2019agrandissement en perpendiculaire quarante ans plus tard ( 1654).Le projet d\u2019agrandissement, port\u00e9 par le conseil de la Communaut\u00e9 ( nom donn\u00e9 au conseil communal de l\u2019\u00e9poque) avait vu dans un premier temps l\u2019opposition de l\u2019Abbaye de Saint Victor seigneur de Six-Fours \u00e0 qui il \u00e9tait demand\u00e9 de participer financi\u00e8rement aux travaux.( Archives municipales novembre 1607) Le 3 juin 1634, l\u2019\u00e9glise ainsi agrandie, a re\u00e7u la cons\u00e9cration de Monseigneur Auguste Forbin de Solli\u00e9s, \u00e9v\u00eaque de Toulon. L&rsquo;\u00e9glise&nbsp; fut &nbsp;ensuite \u00e9rig\u00e9e en coll\u00e9giale le 19 novembre 1648 par le cardinal de Lyon, Antoine de Richelieu, et confirm\u00e9e en 1654 par une bulle du pape&nbsp; Innocent X. Le coll\u00e8ge comprenait 11 chanoines et un doyen, ce qui met en \u00e9vidence l&rsquo;importance du village \u00e0 cette \u00e9poque.&nbsp;La coll\u00e9giale a \u00e9t\u00e9 class\u00e9e \u00ab\u00a0monument historique\u00a0\u00bb en 1840 par Prosper M\u00e9rim\u00e9e. La f\u00eate votive de saint-Pierre continue \u00e0 \u00eatre c\u00e9l\u00e9br\u00e9e le premier dimanche d&rsquo;ao\u00fbt. Elle fait suite \u00e0 la gu\u00e9rison miraculeuse d&rsquo;un enfant d&rsquo;Ollioules en 1655, et \u00e0 la d\u00e9votion perp\u00e9tuelle&nbsp; que ses descendants continuent \u00e0 lui consacrer. De quand peut dater la partie romane de la Coll\u00e9giale? Cette partie de l\u2019\u00e9difice appartient manifestement au roman tardif (XIIe\/XIVe si\u00e8cle)&nbsp;.L\u2019appareil des murs&nbsp;montre peu de joints mais un ajustement de pierres de taille de petites tailles, appareil proche de celui des abbayes cisterciennes de la r\u00e9gion( XII\u00b0-d\u00e9but XIII\u00b0 si\u00e8cle). Elle a \u00e9t\u00e9 construite selon deux des unit\u00e9s de longueur de l\u2019\u00e9poque : la coud\u00e9e de 49 cm et le pied de 30,284 cm, unit\u00e9s qui ont \u00e9t\u00e9 utilis\u00e9es au XII\u00b0 et XIII\u00b0 si\u00e8cles en particulier dans les \u00e9glises des abbayes de l\u2019ordre de Chalais. Les derni\u00e8res \u00e9tudes semblent indiquer que son plan&nbsp; rel\u00e8verait de la \u00ab Suite de Fibonacci \u00bb un syst\u00e8me \u00e9tabli au d\u00e9but du XIIIe par ce math\u00e9maticien italien. &nbsp;L\u2019ensemble de ces donn\u00e9es conforteraient l\u2019hypoth\u00e8se d\u2019une datation au d\u00e9but du XIIIe si\u00e8cle. En vous pla\u00e7ant face au transept, vous pouvez admirer l\u2019harmonie de l\u2019architecture avec son &nbsp;ch\u0153ur \u00e0 chevet plat , type de ch\u0153ur que l\u2019on retrouve dans les abbayes de l\u2019ordre de Chalais et dans certaines abbayes cisterciennes.La construction du clocher plus tardive a provoqu\u00e9 l\u2019obstruction de l\u2019oculus qui per\u00e7ait le chevet central.. Une baie a \u00e9t\u00e9 alors ouverte sur son cot\u00e9 d\u2019o\u00f9 cet aspect dissym\u00e9trique.A noter aussi la beaut\u00e9 et la simplicit\u00e9 des vo\u00fbtes et des arcs parall\u00e8les. Y a-t-il eu une premi\u00e8re \u00e9glise avant cette construction? D\u00e8s 1962, les membres de l&rsquo;association fond\u00e9e par Fran\u00e7ois Jouglas, d\u00e9sirant rendre vie \u00e0 cet \u00e9difice, commenc\u00e8rent sa restauration et entreprirent&nbsp; des fouilles, dont il faut les remercier.A gauche de l\u2019entr\u00e9e vous pouvez voir la cuve baptismale&nbsp; qu\u2019ils ont ainsi reconstitu\u00e9 \u00e0 partir de vestiges trouv\u00e9s sous le dallage et derri\u00e8re l\u2019autel des traces de fondation pouvant \u00e9voquer une premi\u00e8re abside m\u00e9di\u00e9vale. Y aurait il eu une premi\u00e8re \u00e9glise au XI\u00b0-XII\u00b0 si\u00e8cle&nbsp;? Les \u00e9l\u00e9ments manquent pour le confirmer&#8230;Fran\u00e7ois Jouglas a \u00e9mis l\u2019hypoth\u00e8se d&rsquo;un baptist\u00e8re du Ve ou VIe si\u00e8cle mais les \u00e9l\u00e9ments arch\u00e9ologiques ou historiques manquent pour conforter cette hypoth\u00e8se.Vous apercevrez, de part et d&rsquo;autre de l&rsquo;entr\u00e9e, une pierre tombale calcaire dat\u00e9e de 368 (CCCLXVIII) et une inscription de 364 (CCCLXIIII) au d\u00e9but du mur droit de l\u2019abside. Ces inscriptions, h\u00e9las, sont des faux, certainement r\u00e9alis\u00e9s au XIXe si\u00e8cle&nbsp; par l&rsquo;abb\u00e9 Garrel, cur\u00e9 de la paroisse : le calendrier chr\u00e9tien, en effet, n&rsquo;a \u00e9t\u00e9 \u00e9tabli par le moine Denys le Petit que trois si\u00e8cles plus tard.&nbsp; Une part d&rsquo;inconnu demeure sur les origines de ce monument&#8230; Au Moyen Age, jusqu\u2019au milieu du XIIe si\u00e8cle, Six-Fours&nbsp; \u00e9tait, en partie, une d\u00e9pendance de l\u2019abbaye de Montmajour d\u2019Arles qui sera \u00e9vinc\u00e9e ensuite par l\u2019abbaye Saint-Victor de Marseille. Saint Victor devient l\u2019unique seigneur de Six-Fours en 1156. Mais dans leurs chartes, on ne trouve jamais le nom de l\u2019\u00e9glise Saint -Pierre alors que l\u2019\u00e9glise Notre Dame situ\u00e9e au centre du village est mentionn\u00e9e. &nbsp;La bulle papale de 1113 qui \u00e9num\u00e8re les \u00e9glises d\u00e9pendant de l\u2019abbaye Saint Victor ne mentionne pas non plus l\u2019\u00e9glise saint Pierre.&nbsp;: \u00e0 qui donc attribuer, \u00e0 cette \u00e9poque, la construction et la d\u00e9pendance de notre \u00e9glise ? Les recherches en cours laissent entrevoir des possibles rapprochements avec l\u2019ordre de Chalais (Boscodon, Lure) ordre monastique li\u00e9 \u00e0 l\u2019ordre cistercien. La Coll\u00e9giale: Un petit mus\u00e9e. Six-Fours a compt\u00e9 jusqu&rsquo;\u00e0 vingt-deux monuments religieux dont la moiti\u00e9 a disparu au XIXe si\u00e8cle. Aux cours de ces d\u00e9molitions, la coll\u00e9giale Saint-Pierre a recueilli certains tableaux qui se trouvaient dans ces \u00e9glises. Les \u0153uvres d&rsquo;art se sont ainsi accumul\u00e9es dans la coll\u00e9giale, des tableaux&nbsp; \u00e0 caract\u00e8re religieux, tr\u00e8s repr\u00e9sentatifs du&nbsp;XVI au XIXe si\u00e8cle,&nbsp; lui donnant un petit air de mus\u00e9e. Vous d\u00e9couvrirez,&nbsp; entre autres, le plus c\u00e9l\u00e8bre d&rsquo;entre eux, le polyptyque sur bois&nbsp; dit \u00ab\u00a0de la Vierge Marie, de Louis Brea,(1520\/1523 ?) , class\u00e9&nbsp; \u00ab\u00a0monument historique\u00a0\u00bb en 1898 et tr\u00e8s r\u00e9cemment restaur\u00e9. L\u2019attribution de ce polyptique \u00e0 Louis Brea se justifie par sa forte ressemblance avec un polyptique de ce dernier visible dans l\u2019\u00e9glise des Arcs de Provence. Ne manquez pas non plus le triptyque Saint-Clair\u2019, le plus ancien tableau de la coll\u00e9giale (1490\/1510 ?) sans doute d\u00fb au peintre italien&nbsp; Bernardini Simondi. Parmi les nombreuses autres \u0153uvres d\u2019art, la \u00ab\u00a0Descente de Croix\u00a0\u00bb de Stellaert (1604) et aussi deux tableaux de Guillaume Gr\u00e8ve&nbsp;:&nbsp;la \u00ab\u00a0Remise des cl\u00e9s \u00e0 saint Pierre\u00a0\u00bb &nbsp;au dessus du grand autel (1622) et \u00ab&nbsp;la fuite en Egypte.&nbsp;\u00bb. Article Antoine Peretti\/ G\u00e9rard Valentin<\/p>\n","protected":false},"author":8,"featured_media":0,"comment_status":"closed","ping_status":"","sticky":false,"template":"","format":"standard","meta":{"footnotes":""},"categories":[19,48],"tags":[16,46],"class_list":["post-1075","post","type-post","status-publish","format-standard","hentry","category-decouvrir","category-lieux-et-monuments","tag-eglise","tag-moyen-age"],"_links":{"self":[{"href":"https:\/\/histoire-six-fours.fr\/index.php\/wp-json\/wp\/v2\/posts\/1075","targetHints":{"allow":["GET"]}}],"collection":[{"href":"https:\/\/histoire-six-fours.fr\/index.php\/wp-json\/wp\/v2\/posts"}],"about":[{"href":"https:\/\/histoire-six-fours.fr\/index.php\/wp-json\/wp\/v2\/types\/post"}],"author":[{"embeddable":true,"href":"https:\/\/histoire-six-fours.fr\/index.php\/wp-json\/wp\/v2\/users\/8"}],"replies":[{"embeddable":true,"href":"https:\/\/histoire-six-fours.fr\/index.php\/wp-json\/wp\/v2\/comments?post=1075"}],"version-history":[{"count":5,"href":"https:\/\/histoire-six-fours.fr\/index.php\/wp-json\/wp\/v2\/posts\/1075\/revisions"}],"predecessor-version":[{"id":1100,"href":"https:\/\/histoire-six-fours.fr\/index.php\/wp-json\/wp\/v2\/posts\/1075\/revisions\/1100"}],"wp:attachment":[{"href":"https:\/\/histoire-six-fours.fr\/index.php\/wp-json\/wp\/v2\/media?parent=1075"}],"wp:term":[{"taxonomy":"category","embeddable":true,"href":"https:\/\/histoire-six-fours.fr\/index.php\/wp-json\/wp\/v2\/categories?post=1075"},{"taxonomy":"post_tag","embeddable":true,"href":"https:\/\/histoire-six-fours.fr\/index.php\/wp-json\/wp\/v2\/tags?post=1075"}],"curies":[{"name":"wp","href":"https:\/\/api.w.org\/{rel}","templated":true}]}}